{"id":70366,"date":"2023-12-27T12:18:07","date_gmt":"2023-12-27T15:18:07","guid":{"rendered":"https:\/\/www.todoeldia.com\/?p=70366"},"modified":"2023-12-27T12:18:07","modified_gmt":"2023-12-27T15:18:07","slug":"confirman-las-condenas-para-los-integrantes-del-clan-castedo-y-los-empresarios-yudi","status":"publish","type":"post","link":"https:\/\/www.todoeldia.com\/index.php\/2023\/12\/27\/confirman-las-condenas-para-los-integrantes-del-clan-castedo-y-los-empresarios-yudi\/","title":{"rendered":"Confirman las condenas para los integrantes del clan Castedo y los empresarios Yudi"},"content":{"rendered":"\n<p>La Sala II del tribunal rechaz\u00f3 los planteos presentados por las defensas. Delf\u00edn Reinaldo Castedo fue condenado en 2022 a 16 a\u00f1os de prisi\u00f3n por ser jefe de una asociaci\u00f3n il\u00edcita dedicada al narcotr\u00e1fico y al lavado de activos provenientes de dicha actividad. Adem\u00e1s, Casaci\u00f3n revoc\u00f3 la imposibilidad de confiscar una flota de m\u00e1quinas agr\u00edcolas, en l\u00ednea con lo planteado por el MPF.<\/p>\n\n\n\n<figure class=\"wp-block-image size-full is-resized\"><img loading=\"lazy\" decoding=\"async\" width=\"768\" height=\"432\" src=\"https:\/\/www.todoeldia.com\/wp-content\/uploads\/2023\/12\/image-175.png\" alt=\"\" class=\"wp-image-70368\" style=\"width:914px;height:auto\" srcset=\"https:\/\/www.todoeldia.com\/wp-content\/uploads\/2023\/12\/image-175.png 768w, https:\/\/www.todoeldia.com\/wp-content\/uploads\/2023\/12\/image-175-300x169.png 300w, https:\/\/www.todoeldia.com\/wp-content\/uploads\/2023\/12\/image-175-696x392.png 696w, https:\/\/www.todoeldia.com\/wp-content\/uploads\/2023\/12\/image-175-747x420.png 747w\" sizes=\"auto, (max-width: 768px) 100vw, 768px\" \/><\/figure>\n\n\n\n<p><strong>&#8220;Delfin&#8221; Castedo, al momento de su detenci\u00f3n: enviaba sus paquetes con el logo de su apodo <\/strong><\/p>\n\n\n\n<p>a sala II de la C\u00e1mara Federal de Casaci\u00f3n Penal -integrada por los jueces Guillermo Yacobucci y Alejandro Slokar y la jueza Angela Ledesma- confirm\u00f3 la semana pasada las condenas dictadas en 2022 contra Delf\u00edn Reinaldo Castedo y otras seis personas por integrar una asociaci\u00f3n il\u00edcita dedicada al narcotr\u00e1fico. Adem\u00e1s, en l\u00ednea con lo planteado a Procuradur\u00eda de Narcocriminalidad (PROCUNAR) NOA y la Direcci\u00f3n General de Recupero de Activos y Decomiso de Bienes, los magistrados revocaron la decisi\u00f3n del Tribunal Oral en lo Criminal Federal N\u00b01 de Salta que hab\u00eda rechazado el decomiso de un tractor y siete topadoras secuestradas en la causa.<\/p>\n\n\n\n<p>El 7 de diciembre del a\u00f1o pasado, los jueces Federico Santiago D\u00edaz y Mario Ju\u00e1rez y la jueza Marta Liliana Snopek condenaron a Delf\u00edn Reinaldo Castedo, a 16 a\u00f1os de prisi\u00f3n tras considerarlo jefe de una asociaci\u00f3n il\u00edcita dedicada al narcotr\u00e1fico y al lavado de activos provenientes de dicha actividad. Adem\u00e1s, fue condenado como part\u00edcipe necesario del delito de &#8220;falsificaci\u00f3n material de documento p\u00fablico&#8221; y coautor de &#8220;falsedad ideol\u00f3gica de documento p\u00fablico agravada por tratarse de un documento destinado a acreditar la habilitaci\u00f3n para circular de veh\u00edculos&#8221;.<\/p>\n\n\n\n<figure class=\"wp-block-image size-full\"><img loading=\"lazy\" decoding=\"async\" width=\"960\" height=\"640\" src=\"https:\/\/www.todoeldia.com\/wp-content\/uploads\/2023\/12\/image-174.png\" alt=\"\" class=\"wp-image-70367\" srcset=\"https:\/\/www.todoeldia.com\/wp-content\/uploads\/2023\/12\/image-174.png 960w, https:\/\/www.todoeldia.com\/wp-content\/uploads\/2023\/12\/image-174-300x200.png 300w, https:\/\/www.todoeldia.com\/wp-content\/uploads\/2023\/12\/image-174-768x512.png 768w, https:\/\/www.todoeldia.com\/wp-content\/uploads\/2023\/12\/image-174-696x464.png 696w, https:\/\/www.todoeldia.com\/wp-content\/uploads\/2023\/12\/image-174-630x420.png 630w\" sizes=\"auto, (max-width: 960px) 100vw, 960px\" \/><\/figure>\n\n\n\n<p><strong>Luis Yudi fallecio el pasado martes 12 de diciembre<\/strong><\/p>\n\n\n\n<p>Por otra parte, Ra\u00fal Amadeo Castedo -hermano del jefe de la organizaci\u00f3n- y el martillero p\u00fablico Eduardo Torino, fueron condenados a nueve a\u00f1os de prisi\u00f3n como miembros de una asociaci\u00f3n il\u00edcita. Por el mismo delito, le impusieron una pena de 7 a\u00f1os a los comerciantes Alberto Yudi y Luis Yudi, mientras que la ex mujer del l\u00edder del clan, Melba del Carmen Araujo, recibi\u00f3 5 a\u00f1os de prisi\u00f3n.<\/p>\n\n\n\n<p>En tanto, Mario Alberto Yudi -hijo de Alberto- fue condenado a tres a\u00f1os de prisi\u00f3n por lavado de activos, pero result\u00f3 absuelto por el beneficio de la duda respecto a la imputaci\u00f3n como miembro de la organizaci\u00f3n. Adem\u00e1s, se orden\u00f3 el pago de multas, de entre $90.000 y $1.200.000, para todos los condenados. Los Yudi son parientes de la mujer de un reconocido dirigente y que ocupo altos cargos pol\u00edticos en Salta.<\/p>\n\n\n\n<p>La investigaci\u00f3n fue impulsada por los fiscales Diego Iglesias, titular de la PROCUNAR y Eduardo Villalba, a cargo de la unidad del NOA de esa oficina especializada, tras la captura de Delf\u00edn Castedo en 2016. Luego, con la incorporaci\u00f3n al caso de la DGRADB, a cargo de Mar\u00eda del Carmen Chena, las diligencias se dirigieron en busca de extraer del dominio de los acusados las dos fincas, para lo cual se realizaron inicialmente planteos de medidas cautelares. El caso lleg\u00f3 a juicio el 3 de noviembre de 2021, donde intervinieron el fiscal general Carlos Mart\u00edn Amad y el auxiliar fiscal Jorge Vilte Monier.<\/p>\n","protected":false},"excerpt":{"rendered":"<p>La Sala II del tribunal rechaz\u00f3 los planteos presentados por las defensas. Delf\u00edn Reinaldo Castedo fue condenado en 2022 a 16 a\u00f1os de prisi\u00f3n por ser jefe de una asociaci\u00f3n il\u00edcita dedicada al narcotr\u00e1fico y al lavado de activos provenientes de dicha actividad. Adem\u00e1s, Casaci\u00f3n revoc\u00f3 la imposibilidad de confiscar una flota de m\u00e1quinas agr\u00edcolas, [&hellip;]<\/p>\n","protected":false},"author":2,"featured_media":22612,"comment_status":"open","ping_status":"open","sticky":false,"template":"","format":"standard","meta":{"tdm_status":"","tdm_grid_status":"","_joinchat":[],"footnotes":""},"categories":[63],"tags":[],"class_list":{"0":"post-70366","1":"post","2":"type-post","3":"status-publish","4":"format-standard","5":"has-post-thumbnail","7":"category-policiales"},"amp_enabled":true,"_links":{"self":[{"href":"https:\/\/www.todoeldia.com\/index.php\/wp-json\/wp\/v2\/posts\/70366","targetHints":{"allow":["GET"]}}],"collection":[{"href":"https:\/\/www.todoeldia.com\/index.php\/wp-json\/wp\/v2\/posts"}],"about":[{"href":"https:\/\/www.todoeldia.com\/index.php\/wp-json\/wp\/v2\/types\/post"}],"author":[{"embeddable":true,"href":"https:\/\/www.todoeldia.com\/index.php\/wp-json\/wp\/v2\/users\/2"}],"replies":[{"embeddable":true,"href":"https:\/\/www.todoeldia.com\/index.php\/wp-json\/wp\/v2\/comments?post=70366"}],"version-history":[{"count":1,"href":"https:\/\/www.todoeldia.com\/index.php\/wp-json\/wp\/v2\/posts\/70366\/revisions"}],"predecessor-version":[{"id":70369,"href":"https:\/\/www.todoeldia.com\/index.php\/wp-json\/wp\/v2\/posts\/70366\/revisions\/70369"}],"wp:featuredmedia":[{"embeddable":true,"href":"https:\/\/www.todoeldia.com\/index.php\/wp-json\/wp\/v2\/media\/22612"}],"wp:attachment":[{"href":"https:\/\/www.todoeldia.com\/index.php\/wp-json\/wp\/v2\/media?parent=70366"}],"wp:term":[{"taxonomy":"category","embeddable":true,"href":"https:\/\/www.todoeldia.com\/index.php\/wp-json\/wp\/v2\/categories?post=70366"},{"taxonomy":"post_tag","embeddable":true,"href":"https:\/\/www.todoeldia.com\/index.php\/wp-json\/wp\/v2\/tags?post=70366"}],"curies":[{"name":"wp","href":"https:\/\/api.w.org\/{rel}","templated":true}]}}