{"id":70370,"date":"2023-12-27T12:24:40","date_gmt":"2023-12-27T15:24:40","guid":{"rendered":"https:\/\/www.todoeldia.com\/?p=70370"},"modified":"2023-12-27T12:24:40","modified_gmt":"2023-12-27T15:24:40","slug":"apunalaron-a-dos-jovenes-para-robarles-el-celular-en-b-santa-ana","status":"publish","type":"post","link":"https:\/\/www.todoeldia.com\/index.php\/2023\/12\/27\/apunalaron-a-dos-jovenes-para-robarles-el-celular-en-b-santa-ana\/","title":{"rendered":"Apu\u00f1alaron a dos j\u00f3venes para robarles el celular en B\u00b0 Santa Ana"},"content":{"rendered":"\n<p>Ocurri\u00f3 el pasado mes de octubre en la zona sur de la ciudad de Salta, cuando dos j\u00f3venes fueron lesionados con arma blanca y resultaron con heridas que pusieron en riesgo su vida.<\/p>\n\n\n\n<p>El fiscal penal 1 de la Unidad de Graves Atentados contra las Personas en turno, Leandro Flores, requiri\u00f3 juicio ante el Juzgado de Garant\u00edas 3 del distrito Centro, para H\u00e9ctor Mart\u00edn Coronel como autor del delito de tentativa de robo agravado por el uso de arma en concurso real con tentativa de homicidio simple (dos hechos) y contra Diego Ariel Coronel como autor del delito de tentativa de homicidio simple (2 hechos).<\/p>\n\n\n\n<p>El hecho investigado ocurri\u00f3 el 26 de octubre pasado por la noche en la zona sur de la ciudad de Salta, donde en primera instancia, uno de los damnificados sufri\u00f3 el intento de robo armado de su celular y su bicicleta. Luego regres\u00f3 al lugar con el otro damnificado y otras personas y mantuvieron una gresca con los imputados, donde resultaron lesionados de gravedad.<\/p>\n\n\n\n<p>En el requerimiento se exponen las distintas medidas probatorias producidas durante la investigaci\u00f3n y que otorgan el grado de certeza requerido para solicitar la elevaci\u00f3n de la causa a juicio.<\/p>\n","protected":false},"excerpt":{"rendered":"<p>Ocurri\u00f3 el pasado mes de octubre en la zona sur de la ciudad de Salta, cuando dos j\u00f3venes fueron lesionados con arma blanca y resultaron con heridas que pusieron en riesgo su vida. El fiscal penal 1 de la Unidad de Graves Atentados contra las Personas en turno, Leandro Flores, requiri\u00f3 juicio ante el Juzgado [&hellip;]<\/p>\n","protected":false},"author":2,"featured_media":70371,"comment_status":"open","ping_status":"open","sticky":false,"template":"","format":"standard","meta":{"tdm_status":"","tdm_grid_status":"","_joinchat":[],"footnotes":""},"categories":[63],"tags":[],"class_list":{"0":"post-70370","1":"post","2":"type-post","3":"status-publish","4":"format-standard","5":"has-post-thumbnail","7":"category-policiales"},"amp_enabled":true,"_links":{"self":[{"href":"https:\/\/www.todoeldia.com\/index.php\/wp-json\/wp\/v2\/posts\/70370","targetHints":{"allow":["GET"]}}],"collection":[{"href":"https:\/\/www.todoeldia.com\/index.php\/wp-json\/wp\/v2\/posts"}],"about":[{"href":"https:\/\/www.todoeldia.com\/index.php\/wp-json\/wp\/v2\/types\/post"}],"author":[{"embeddable":true,"href":"https:\/\/www.todoeldia.com\/index.php\/wp-json\/wp\/v2\/users\/2"}],"replies":[{"embeddable":true,"href":"https:\/\/www.todoeldia.com\/index.php\/wp-json\/wp\/v2\/comments?post=70370"}],"version-history":[{"count":1,"href":"https:\/\/www.todoeldia.com\/index.php\/wp-json\/wp\/v2\/posts\/70370\/revisions"}],"predecessor-version":[{"id":70372,"href":"https:\/\/www.todoeldia.com\/index.php\/wp-json\/wp\/v2\/posts\/70370\/revisions\/70372"}],"wp:featuredmedia":[{"embeddable":true,"href":"https:\/\/www.todoeldia.com\/index.php\/wp-json\/wp\/v2\/media\/70371"}],"wp:attachment":[{"href":"https:\/\/www.todoeldia.com\/index.php\/wp-json\/wp\/v2\/media?parent=70370"}],"wp:term":[{"taxonomy":"category","embeddable":true,"href":"https:\/\/www.todoeldia.com\/index.php\/wp-json\/wp\/v2\/categories?post=70370"},{"taxonomy":"post_tag","embeddable":true,"href":"https:\/\/www.todoeldia.com\/index.php\/wp-json\/wp\/v2\/tags?post=70370"}],"curies":[{"name":"wp","href":"https:\/\/api.w.org\/{rel}","templated":true}]}}