{"id":70378,"date":"2023-12-27T12:49:40","date_gmt":"2023-12-27T15:49:40","guid":{"rendered":"https:\/\/www.todoeldia.com\/?p=70378"},"modified":"2023-12-27T12:49:40","modified_gmt":"2023-12-27T15:49:40","slug":"los-primos-estaban-en-pedo-se-desconocieron-y-uno-termino-en-grave-estado","status":"publish","type":"post","link":"https:\/\/www.todoeldia.com\/index.php\/2023\/12\/27\/los-primos-estaban-en-pedo-se-desconocieron-y-uno-termino-en-grave-estado\/","title":{"rendered":"Los primos estaban en \u201cpedo\u201d se desconocieron y uno termino en grave estado"},"content":{"rendered":"\n<p>El hecho ocurri\u00f3 este 25 de diciembre, cuando dos hombres de una misma familia, quienes se encontraban ingiriendo bebidas alcoh\u00f3licas, mantuvieron una disputa. Uno de ellos result\u00f3 con lesiones grav\u00edsimas, por lo que permanece internado y debi\u00f3 ser trasladado a la ciudad de Salta.<\/p>\n\n\n\n<p>El fiscal penal de la Unidad de Graves Atentados contra las Personas de Tartagal, Gonzalo Vega, imput\u00f3 de forma provisional a un hombre de 28 a\u00f1os como autor del delito de lesiones grav\u00edsimas en perjuicio de un hombre de 46 a\u00f1os.<\/p>\n\n\n\n<p>El acusado se abstuvo de declarar. Desde la Fiscal\u00eda se solicit\u00f3 que permanezca detenido.<\/p>\n\n\n\n<p>El hecho ocurri\u00f3 el pasado 25 de diciembre en Misi\u00f3n Kilometro 6 sobre Ruta Nacional N\u00ba 86 en Tartagal. Durante una disputa con un familiar, un hombre de 46 a\u00f1os sufri\u00f3 lesiones sumamente graves, resultando con heridas significativas. Los golpes de pu\u00f1o recibidos llevaron a que su cabeza impactara contra la vereda, dej\u00e1ndolo en estado inconsciente.<\/p>\n\n\n\n<p>Ante la gravedad de su situaci\u00f3n, el afectado fue trasladado de inmediato al hospital local. Sin embargo, debido a la severidad de sus lesiones, las autoridades m\u00e9dicas decidieron derivarlo a la ciudad de Salta para recibir atenci\u00f3n especializada.<\/p>\n","protected":false},"excerpt":{"rendered":"<p>El hecho ocurri\u00f3 este 25 de diciembre, cuando dos hombres de una misma familia, quienes se encontraban ingiriendo bebidas alcoh\u00f3licas, mantuvieron una disputa. Uno de ellos result\u00f3 con lesiones grav\u00edsimas, por lo que permanece internado y debi\u00f3 ser trasladado a la ciudad de Salta. El fiscal penal de la Unidad de Graves Atentados contra las [&hellip;]<\/p>\n","protected":false},"author":2,"featured_media":70379,"comment_status":"open","ping_status":"open","sticky":false,"template":"","format":"standard","meta":{"tdm_status":"","tdm_grid_status":"","_joinchat":[],"footnotes":""},"categories":[63],"tags":[],"class_list":{"0":"post-70378","1":"post","2":"type-post","3":"status-publish","4":"format-standard","5":"has-post-thumbnail","7":"category-policiales"},"amp_enabled":true,"_links":{"self":[{"href":"https:\/\/www.todoeldia.com\/index.php\/wp-json\/wp\/v2\/posts\/70378","targetHints":{"allow":["GET"]}}],"collection":[{"href":"https:\/\/www.todoeldia.com\/index.php\/wp-json\/wp\/v2\/posts"}],"about":[{"href":"https:\/\/www.todoeldia.com\/index.php\/wp-json\/wp\/v2\/types\/post"}],"author":[{"embeddable":true,"href":"https:\/\/www.todoeldia.com\/index.php\/wp-json\/wp\/v2\/users\/2"}],"replies":[{"embeddable":true,"href":"https:\/\/www.todoeldia.com\/index.php\/wp-json\/wp\/v2\/comments?post=70378"}],"version-history":[{"count":1,"href":"https:\/\/www.todoeldia.com\/index.php\/wp-json\/wp\/v2\/posts\/70378\/revisions"}],"predecessor-version":[{"id":70380,"href":"https:\/\/www.todoeldia.com\/index.php\/wp-json\/wp\/v2\/posts\/70378\/revisions\/70380"}],"wp:featuredmedia":[{"embeddable":true,"href":"https:\/\/www.todoeldia.com\/index.php\/wp-json\/wp\/v2\/media\/70379"}],"wp:attachment":[{"href":"https:\/\/www.todoeldia.com\/index.php\/wp-json\/wp\/v2\/media?parent=70378"}],"wp:term":[{"taxonomy":"category","embeddable":true,"href":"https:\/\/www.todoeldia.com\/index.php\/wp-json\/wp\/v2\/categories?post=70378"},{"taxonomy":"post_tag","embeddable":true,"href":"https:\/\/www.todoeldia.com\/index.php\/wp-json\/wp\/v2\/tags?post=70378"}],"curies":[{"name":"wp","href":"https:\/\/api.w.org\/{rel}","templated":true}]}}