{"id":70394,"date":"2023-12-27T19:58:51","date_gmt":"2023-12-27T22:58:51","guid":{"rendered":"https:\/\/www.todoeldia.com\/?p=70394"},"modified":"2023-12-27T19:58:51","modified_gmt":"2023-12-27T22:58:51","slug":"se-dispuso-la-reserva-total-de-actuaciones-en-la-causa-de-los-jefes-del-servicio-penitenciario","status":"publish","type":"post","link":"https:\/\/www.todoeldia.com\/index.php\/2023\/12\/27\/se-dispuso-la-reserva-total-de-actuaciones-en-la-causa-de-los-jefes-del-servicio-penitenciario\/","title":{"rendered":"Se dispuso la reserva total de actuaciones en la causa de los jefes del Servicio Penitenciario"},"content":{"rendered":"\n<p>La medida fue establecida por un per\u00edodo de diez d\u00edas con el prop\u00f3sito de resguardar los resultados de la investigaci\u00f3n. Surge en respuesta al perjuicio ocasionado por la decisi\u00f3n del Juez de Garant\u00edas 4, quien concedi\u00f3 arresto domiciliario a 13 de los imputados.<\/p>\n\n\n\n<p>La Unidad Fiscal, conformada por el procurador General de la Provincia de Salta, Pedro Garc\u00eda Castiella, y los fiscales penales Ana In\u00e9s Salinas Odorisio y Gustavo Torres Rubelt (Interino), dispuso la reserva total de las actuaciones durante un per\u00edodo de 10 d\u00edas en la causa que involucra a funcionarios del Servicio Penitenciario acusados de haber obtenido beneficios econ\u00f3micos a cambio de otorgar privilegios o facilitar el ingreso de elementos prohibidos y estupefacientes a personas detenidas.&nbsp;<\/p>\n\n\n\n<p>La implementaci\u00f3n de esta medida tiene como objetivo llevar a cabo las acciones pendientes, excluyendo aquellas que, por su naturaleza y caracter\u00edsticas, se consideren definitivas e irreproducibles. Fue adoptada en consideraci\u00f3n de que \u00abel Juez que intervino en las audiencias multiprop\u00f3sito otorg\u00f3 medidas sustitutivas a los imputados, rechazando el pedido de prisi\u00f3n preventiva de 13 imputados\u00bb, lo cual implica un grave riesgo de obstrucci\u00f3n a la causa.<\/p>\n\n\n\n<p>\u201cEsta disposici\u00f3n no significa de manera alguna pretender abdicaci\u00f3n alguna en cuanto al resguardo del derecho de defensa, pero s\u00ed una prudente ponderaci\u00f3n de las necesidades que plantea la investigaci\u00f3n, teniendo como objetivo lograr un equilibrio entre los fines de este Ministerio y el derecho de los imputados, como medida temporaria y excepcional autorizada por la ley ritual y con la \u00fanica finalidad de preservar los resultados de la investigaci\u00f3n ante el perjuicio ocasionado por la sustituci\u00f3n de la prisi\u00f3n preventiva con arresto domiciliario, que tal como se hizo saber en su oportunidad, posibilita el control de la informaci\u00f3n y de las declaraciones testimoniales por parte de los integrantes de las fuerzas justamente investigados, en un r\u00e9gimen cerrado corporativo y de subordinaci\u00f3n\u201d, precisaron los integrantes de la Unidad Fiscal.<\/p>\n\n\n\n<p>Adem\u00e1s se destaca que, \u201clos costosos esfuerzos dispuestos por este Ministerio, en el contexto de una clara e irrenunciable pol\u00edtica criminal direccionada al firme embate de cualquier tipo de criminalidad organizada en un contexto de corrupci\u00f3n, requiere indefectiblemente de la adopci\u00f3n de medidas extremas para garantizar los resultados de la investigaci\u00f3n ante el riesgo generado por la jurisdicci\u00f3n\u201d.<\/p>\n\n\n\n<p>Considerando la naturaleza y caracter\u00edsticas espec\u00edficas, la Unidad Fiscal decidi\u00f3 excluir de la reserva total las inspecciones oculares en los equipos de telefon\u00eda incautados a imputados, part\u00edcipes y testigos de la organizaci\u00f3n narco-criminal y de corrupci\u00f3n.<\/p>\n\n\n\n<p>La Unidad Fiscal inform\u00f3 al Juzgado de Garant\u00edas y las partes involucradas sobre la medida adoptada.<\/p>\n","protected":false},"excerpt":{"rendered":"<p>La medida fue establecida por un per\u00edodo de diez d\u00edas con el prop\u00f3sito de resguardar los resultados de la investigaci\u00f3n. Surge en respuesta al perjuicio ocasionado por la decisi\u00f3n del Juez de Garant\u00edas 4, quien concedi\u00f3 arresto domiciliario a 13 de los imputados. La Unidad Fiscal, conformada por el procurador General de la Provincia de [&hellip;]<\/p>\n","protected":false},"author":2,"featured_media":38659,"comment_status":"open","ping_status":"open","sticky":false,"template":"","format":"standard","meta":{"tdm_status":"","tdm_grid_status":"","_joinchat":[],"footnotes":""},"categories":[63],"tags":[],"class_list":{"0":"post-70394","1":"post","2":"type-post","3":"status-publish","4":"format-standard","5":"has-post-thumbnail","7":"category-policiales"},"amp_enabled":true,"_links":{"self":[{"href":"https:\/\/www.todoeldia.com\/index.php\/wp-json\/wp\/v2\/posts\/70394","targetHints":{"allow":["GET"]}}],"collection":[{"href":"https:\/\/www.todoeldia.com\/index.php\/wp-json\/wp\/v2\/posts"}],"about":[{"href":"https:\/\/www.todoeldia.com\/index.php\/wp-json\/wp\/v2\/types\/post"}],"author":[{"embeddable":true,"href":"https:\/\/www.todoeldia.com\/index.php\/wp-json\/wp\/v2\/users\/2"}],"replies":[{"embeddable":true,"href":"https:\/\/www.todoeldia.com\/index.php\/wp-json\/wp\/v2\/comments?post=70394"}],"version-history":[{"count":1,"href":"https:\/\/www.todoeldia.com\/index.php\/wp-json\/wp\/v2\/posts\/70394\/revisions"}],"predecessor-version":[{"id":70395,"href":"https:\/\/www.todoeldia.com\/index.php\/wp-json\/wp\/v2\/posts\/70394\/revisions\/70395"}],"wp:featuredmedia":[{"embeddable":true,"href":"https:\/\/www.todoeldia.com\/index.php\/wp-json\/wp\/v2\/media\/38659"}],"wp:attachment":[{"href":"https:\/\/www.todoeldia.com\/index.php\/wp-json\/wp\/v2\/media?parent=70394"}],"wp:term":[{"taxonomy":"category","embeddable":true,"href":"https:\/\/www.todoeldia.com\/index.php\/wp-json\/wp\/v2\/categories?post=70394"},{"taxonomy":"post_tag","embeddable":true,"href":"https:\/\/www.todoeldia.com\/index.php\/wp-json\/wp\/v2\/tags?post=70394"}],"curies":[{"name":"wp","href":"https:\/\/api.w.org\/{rel}","templated":true}]}}