{"id":70417,"date":"2023-12-28T10:34:38","date_gmt":"2023-12-28T13:34:38","guid":{"rendered":"https:\/\/www.todoeldia.com\/?p=70417"},"modified":"2023-12-28T10:34:38","modified_gmt":"2023-12-28T13:34:38","slug":"detenido-por-cortarle-el-rostro-a-su-ex-pareja-en-colonia-santa-rosa","status":"publish","type":"post","link":"https:\/\/www.todoeldia.com\/index.php\/2023\/12\/28\/detenido-por-cortarle-el-rostro-a-su-ex-pareja-en-colonia-santa-rosa\/","title":{"rendered":"Detenido por cortarle el rostro a su ex pareja en Colonia Santa Rosa"},"content":{"rendered":"\n<p>Ocurri\u00f3 durante la tarde del pasado 25 de diciembre, cuando el acusado se present\u00f3 en la vivienda de la mujer. En circunstancias que se investigan, le habr\u00eda provocado una lesi\u00f3n en el rostro con un cuchillo.<\/p>\n\n\n\n<p>La fiscal penal de Pichanal, Mar\u00eda Sof\u00eda Fuentes, imput\u00f3 de forma provisional a un hombre de 33 a\u00f1os como autor del delito de lesiones leves agravadas por la relaci\u00f3n de pareja y el g\u00e9nero en perjuicio de una mujer de 29 a\u00f1os con la que mantuvo una relaci\u00f3n de pareja.<\/p>\n\n\n\n<p>Desde la Fiscal\u00eda, luego de la audiencia de imputaci\u00f3n, se solicit\u00f3 que el acusado permanezca detenido.<\/p>\n\n\n\n<p>El incidente bajo investigaci\u00f3n tuvo lugar el 25 de diciembre durante la tarde, cuando la mujer sufri\u00f3 una lesi\u00f3n contusa cortante en una de sus mejillas, requiriendo su hospitalizaci\u00f3n debido a la gravedad de la herida.<\/p>\n\n\n\n<p>El presunto agresor es la expareja de la mujer, quien se present\u00f3 en el domicilio y, tras un altercado, la habr\u00eda lesionado, desencadenando as\u00ed la necesidad de atenci\u00f3n m\u00e9dica y la apertura de la investigaci\u00f3n correspondiente.<\/p>\n","protected":false},"excerpt":{"rendered":"<p>Ocurri\u00f3 durante la tarde del pasado 25 de diciembre, cuando el acusado se present\u00f3 en la vivienda de la mujer. En circunstancias que se investigan, le habr\u00eda provocado una lesi\u00f3n en el rostro con un cuchillo. La fiscal penal de Pichanal, Mar\u00eda Sof\u00eda Fuentes, imput\u00f3 de forma provisional a un hombre de 33 a\u00f1os como [&hellip;]<\/p>\n","protected":false},"author":2,"featured_media":70418,"comment_status":"open","ping_status":"open","sticky":false,"template":"","format":"standard","meta":{"tdm_status":"","tdm_grid_status":"","_joinchat":[],"footnotes":""},"categories":[63],"tags":[],"class_list":{"0":"post-70417","1":"post","2":"type-post","3":"status-publish","4":"format-standard","5":"has-post-thumbnail","7":"category-policiales"},"amp_enabled":true,"_links":{"self":[{"href":"https:\/\/www.todoeldia.com\/index.php\/wp-json\/wp\/v2\/posts\/70417","targetHints":{"allow":["GET"]}}],"collection":[{"href":"https:\/\/www.todoeldia.com\/index.php\/wp-json\/wp\/v2\/posts"}],"about":[{"href":"https:\/\/www.todoeldia.com\/index.php\/wp-json\/wp\/v2\/types\/post"}],"author":[{"embeddable":true,"href":"https:\/\/www.todoeldia.com\/index.php\/wp-json\/wp\/v2\/users\/2"}],"replies":[{"embeddable":true,"href":"https:\/\/www.todoeldia.com\/index.php\/wp-json\/wp\/v2\/comments?post=70417"}],"version-history":[{"count":1,"href":"https:\/\/www.todoeldia.com\/index.php\/wp-json\/wp\/v2\/posts\/70417\/revisions"}],"predecessor-version":[{"id":70419,"href":"https:\/\/www.todoeldia.com\/index.php\/wp-json\/wp\/v2\/posts\/70417\/revisions\/70419"}],"wp:featuredmedia":[{"embeddable":true,"href":"https:\/\/www.todoeldia.com\/index.php\/wp-json\/wp\/v2\/media\/70418"}],"wp:attachment":[{"href":"https:\/\/www.todoeldia.com\/index.php\/wp-json\/wp\/v2\/media?parent=70417"}],"wp:term":[{"taxonomy":"category","embeddable":true,"href":"https:\/\/www.todoeldia.com\/index.php\/wp-json\/wp\/v2\/categories?post=70417"},{"taxonomy":"post_tag","embeddable":true,"href":"https:\/\/www.todoeldia.com\/index.php\/wp-json\/wp\/v2\/tags?post=70417"}],"curies":[{"name":"wp","href":"https:\/\/api.w.org\/{rel}","templated":true}]}}