{"id":70447,"date":"2023-12-28T14:34:05","date_gmt":"2023-12-28T17:34:05","guid":{"rendered":"https:\/\/www.todoeldia.com\/?p=70447"},"modified":"2023-12-28T14:34:05","modified_gmt":"2023-12-28T17:34:05","slug":"secuestran-en-aunor-lechones-y-cabritos-faenados-transportados-en-tachos","status":"publish","type":"post","link":"https:\/\/www.todoeldia.com\/index.php\/2023\/12\/28\/secuestran-en-aunor-lechones-y-cabritos-faenados-transportados-en-tachos\/","title":{"rendered":"Secuestran en Aunor lechones y cabritos faenados transportados en tachos"},"content":{"rendered":"\n<p>Hoy cerca de las 8 de la ma\u00f1ana, efectivos de Seguridad Vial que realizaban control vehicular en la Ruta Nacional N\u00b0 9 kil\u00f3metro N\u00b0 1587, a la altura del Ex Peaje Aunor, y detuvieron la marcha de una camioneta.<\/p>\n\n\n\n<p>Al fiscalizar el veh\u00edculo, detectaron que en los asientos traseros se encontraban recipientes pl\u00e1sticos conteniendo animales faenados. Inmediatamente, dieron intervenci\u00f3n a personal de la Divisi\u00f3n Polic\u00eda Rural y Ambiental quienes, junto a operarios de la Direcci\u00f3n General de Rentas, contabilizaron un total de 8 lechones y 1 cabrito, con un peso aproximado de 50 kg, transportados los mismos sin las medidas sanitarias necesarias.<\/p>\n\n\n\n<p>Al respecto, y previa consulta con La Fiscal\u00eda Penal N\u00b0 4, se procedi\u00f3 a labrar la infracci\u00f3n correspondiente al conductor del rodado, un hombre de 54 a\u00f1os, por no encontrarse el veh\u00edculo en cuesti\u00f3n habilitado para transporte de alimentos. De igual forma, se decomis\u00f3 el producto c\u00e1rnico por haberse constatado que no estaba apto para el consumo humano.<\/p>\n","protected":false},"excerpt":{"rendered":"<p>Hoy cerca de las 8 de la ma\u00f1ana, efectivos de Seguridad Vial que realizaban control vehicular en la Ruta Nacional N\u00b0 9 kil\u00f3metro N\u00b0 1587, a la altura del Ex Peaje Aunor, y detuvieron la marcha de una camioneta. Al fiscalizar el veh\u00edculo, detectaron que en los asientos traseros se encontraban recipientes pl\u00e1sticos conteniendo animales [&hellip;]<\/p>\n","protected":false},"author":2,"featured_media":70448,"comment_status":"open","ping_status":"open","sticky":false,"template":"","format":"standard","meta":{"tdm_status":"","tdm_grid_status":"","_joinchat":[],"footnotes":""},"categories":[63],"tags":[],"class_list":{"0":"post-70447","1":"post","2":"type-post","3":"status-publish","4":"format-standard","5":"has-post-thumbnail","7":"category-policiales"},"amp_enabled":true,"_links":{"self":[{"href":"https:\/\/www.todoeldia.com\/index.php\/wp-json\/wp\/v2\/posts\/70447","targetHints":{"allow":["GET"]}}],"collection":[{"href":"https:\/\/www.todoeldia.com\/index.php\/wp-json\/wp\/v2\/posts"}],"about":[{"href":"https:\/\/www.todoeldia.com\/index.php\/wp-json\/wp\/v2\/types\/post"}],"author":[{"embeddable":true,"href":"https:\/\/www.todoeldia.com\/index.php\/wp-json\/wp\/v2\/users\/2"}],"replies":[{"embeddable":true,"href":"https:\/\/www.todoeldia.com\/index.php\/wp-json\/wp\/v2\/comments?post=70447"}],"version-history":[{"count":1,"href":"https:\/\/www.todoeldia.com\/index.php\/wp-json\/wp\/v2\/posts\/70447\/revisions"}],"predecessor-version":[{"id":70449,"href":"https:\/\/www.todoeldia.com\/index.php\/wp-json\/wp\/v2\/posts\/70447\/revisions\/70449"}],"wp:featuredmedia":[{"embeddable":true,"href":"https:\/\/www.todoeldia.com\/index.php\/wp-json\/wp\/v2\/media\/70448"}],"wp:attachment":[{"href":"https:\/\/www.todoeldia.com\/index.php\/wp-json\/wp\/v2\/media?parent=70447"}],"wp:term":[{"taxonomy":"category","embeddable":true,"href":"https:\/\/www.todoeldia.com\/index.php\/wp-json\/wp\/v2\/categories?post=70447"},{"taxonomy":"post_tag","embeddable":true,"href":"https:\/\/www.todoeldia.com\/index.php\/wp-json\/wp\/v2\/tags?post=70447"}],"curies":[{"name":"wp","href":"https:\/\/api.w.org\/{rel}","templated":true}]}}