{"id":70457,"date":"2023-12-29T10:58:12","date_gmt":"2023-12-29T13:58:12","guid":{"rendered":"https:\/\/www.todoeldia.com\/?p=70457"},"modified":"2023-12-29T10:58:12","modified_gmt":"2023-12-29T13:58:12","slug":"una-mujer-y-tres-menores-robaron-una-moto-estacionada-en-el-centro","status":"publish","type":"post","link":"https:\/\/www.todoeldia.com\/index.php\/2023\/12\/29\/una-mujer-y-tres-menores-robaron-una-moto-estacionada-en-el-centro\/","title":{"rendered":"Una mujer y tres menores robaron una moto estacionada en el centro"},"content":{"rendered":"\n<p>&nbsp;El hecho ocurri\u00f3 sobre calle Santiago del Estero de la ciudad de Salta, donde personas desconocidas sustrajeron una motocicleta estacionada en la v\u00eda p\u00fablica. Fueron detenidos horas despu\u00e9s y se logr\u00f3 recuperar el rodado.<\/p>\n\n\n\n<p>El fiscal penal 2, Ramiro Ramos Ossorio, imput\u00f3 de forma provisional a una mujer de 29 a\u00f1os como autora del delito de robo doblemente calificado en poblado y en banda y por la participaci\u00f3n de menores de edad y a tres menores de 16 a\u00f1os de edad como coautores del delito de robo agravado en poblado y en banda.<\/p>\n\n\n\n<p>La denuncia fue realizada por una mujer tras sufrir el robo de su motocicleta, la que dej\u00f3 estacionada en la v\u00eda p\u00fablica en la zona centro de la ciudad de Salta.<\/p>\n\n\n\n<p>Horas despu\u00e9s, personal policial utilizando las c\u00e1maras de seguridad, identific\u00f3 a los sospechosos circulando por la ciudad.<\/p>\n\n\n\n<p>Se procedi\u00f3 a la demora de los acusados, y al secuestro de elementos de inter\u00e9s para la causa. Se logr\u00f3 recuperar el rodado sustra\u00eddo.<\/p>\n","protected":false},"excerpt":{"rendered":"<p>&nbsp;El hecho ocurri\u00f3 sobre calle Santiago del Estero de la ciudad de Salta, donde personas desconocidas sustrajeron una motocicleta estacionada en la v\u00eda p\u00fablica. Fueron detenidos horas despu\u00e9s y se logr\u00f3 recuperar el rodado. El fiscal penal 2, Ramiro Ramos Ossorio, imput\u00f3 de forma provisional a una mujer de 29 a\u00f1os como autora del delito [&hellip;]<\/p>\n","protected":false},"author":2,"featured_media":50718,"comment_status":"open","ping_status":"open","sticky":false,"template":"","format":"standard","meta":{"tdm_status":"","tdm_grid_status":"","_joinchat":[],"footnotes":""},"categories":[63],"tags":[],"class_list":{"0":"post-70457","1":"post","2":"type-post","3":"status-publish","4":"format-standard","5":"has-post-thumbnail","7":"category-policiales"},"amp_enabled":true,"_links":{"self":[{"href":"https:\/\/www.todoeldia.com\/index.php\/wp-json\/wp\/v2\/posts\/70457","targetHints":{"allow":["GET"]}}],"collection":[{"href":"https:\/\/www.todoeldia.com\/index.php\/wp-json\/wp\/v2\/posts"}],"about":[{"href":"https:\/\/www.todoeldia.com\/index.php\/wp-json\/wp\/v2\/types\/post"}],"author":[{"embeddable":true,"href":"https:\/\/www.todoeldia.com\/index.php\/wp-json\/wp\/v2\/users\/2"}],"replies":[{"embeddable":true,"href":"https:\/\/www.todoeldia.com\/index.php\/wp-json\/wp\/v2\/comments?post=70457"}],"version-history":[{"count":1,"href":"https:\/\/www.todoeldia.com\/index.php\/wp-json\/wp\/v2\/posts\/70457\/revisions"}],"predecessor-version":[{"id":70458,"href":"https:\/\/www.todoeldia.com\/index.php\/wp-json\/wp\/v2\/posts\/70457\/revisions\/70458"}],"wp:featuredmedia":[{"embeddable":true,"href":"https:\/\/www.todoeldia.com\/index.php\/wp-json\/wp\/v2\/media\/50718"}],"wp:attachment":[{"href":"https:\/\/www.todoeldia.com\/index.php\/wp-json\/wp\/v2\/media?parent=70457"}],"wp:term":[{"taxonomy":"category","embeddable":true,"href":"https:\/\/www.todoeldia.com\/index.php\/wp-json\/wp\/v2\/categories?post=70457"},{"taxonomy":"post_tag","embeddable":true,"href":"https:\/\/www.todoeldia.com\/index.php\/wp-json\/wp\/v2\/tags?post=70457"}],"curies":[{"name":"wp","href":"https:\/\/api.w.org\/{rel}","templated":true}]}}