{"id":70470,"date":"2023-12-29T19:29:22","date_gmt":"2023-12-29T22:29:22","guid":{"rendered":"https:\/\/www.todoeldia.com\/?p=70470"},"modified":"2023-12-29T19:29:22","modified_gmt":"2023-12-29T22:29:22","slug":"el-gobierno-nacional-le-quito-el-potenciar-trabajo-a-434-empleados-publicos-saltenos-que-lo-cobraban","status":"publish","type":"post","link":"https:\/\/www.todoeldia.com\/index.php\/2023\/12\/29\/el-gobierno-nacional-le-quito-el-potenciar-trabajo-a-434-empleados-publicos-saltenos-que-lo-cobraban\/","title":{"rendered":"El Gobierno nacional le quito el potenciar trabajo a 434 empleados p\u00fablicos salte\u00f1os que lo cobraban"},"content":{"rendered":"\n<p>Tras una investigaci\u00f3n del fiscal Marijuan, entrecruzaron los datos y arrojaron incompatibilidades. Los beneficiarios del programa creado para personas en situaci\u00f3n de vulnerabilidad, adem\u00e1s cobraban sueldos estatales de 14 provincias.<\/p>\n\n\n\n<p>El Ministerio de Capital Humano suspendi\u00f3 el pago del programa \u201cPotenciar Trabajo\u201d a m\u00e1s de 4500 titulares que son empleados p\u00fablicos de 14 provincias. La decisi\u00f3n fue tomada tras una investigaci\u00f3n llevada a cabo por el fiscal Guillermo Marijuan.<\/p>\n\n\n\n<p>Luego del entrecruzamiento de la base de datos de los beneficiarios del Potenciar trabajo y de la n\u00f3mina de los empleados p\u00fablicos de 14 provincias, 4588 personas presentar\u00edan incompatibilidades para acceder a dicho plan creado para personas en situaci\u00f3n de vulnerabilidad.<\/p>\n\n\n\n<p>Las 14 provincias investigadas son Mendoza, Misiones, Entre R\u00edos, Tucum\u00e1n, R\u00edo Negro, Jujuy, Provincia de Buenos Aires, Santa Fe, C\u00f3rdoba, Corrientes, Formosa, Salta y Santa Cruz.<\/p>\n\n\n\n<p>En Salta cobraban el Potenciar Trabajo 434 empleados estatales.<\/p>\n","protected":false},"excerpt":{"rendered":"<p>Tras una investigaci\u00f3n del fiscal Marijuan, entrecruzaron los datos y arrojaron incompatibilidades. Los beneficiarios del programa creado para personas en situaci\u00f3n de vulnerabilidad, adem\u00e1s cobraban sueldos estatales de 14 provincias. El Ministerio de Capital Humano suspendi\u00f3 el pago del programa \u201cPotenciar Trabajo\u201d a m\u00e1s de 4500 titulares que son empleados p\u00fablicos de 14 provincias. La [&hellip;]<\/p>\n","protected":false},"author":2,"featured_media":35009,"comment_status":"open","ping_status":"open","sticky":false,"template":"","format":"standard","meta":{"tdm_status":"","tdm_grid_status":"","_joinchat":[],"footnotes":""},"categories":[59],"tags":[],"class_list":{"0":"post-70470","1":"post","2":"type-post","3":"status-publish","4":"format-standard","5":"has-post-thumbnail","7":"category-politica"},"amp_enabled":true,"_links":{"self":[{"href":"https:\/\/www.todoeldia.com\/index.php\/wp-json\/wp\/v2\/posts\/70470","targetHints":{"allow":["GET"]}}],"collection":[{"href":"https:\/\/www.todoeldia.com\/index.php\/wp-json\/wp\/v2\/posts"}],"about":[{"href":"https:\/\/www.todoeldia.com\/index.php\/wp-json\/wp\/v2\/types\/post"}],"author":[{"embeddable":true,"href":"https:\/\/www.todoeldia.com\/index.php\/wp-json\/wp\/v2\/users\/2"}],"replies":[{"embeddable":true,"href":"https:\/\/www.todoeldia.com\/index.php\/wp-json\/wp\/v2\/comments?post=70470"}],"version-history":[{"count":1,"href":"https:\/\/www.todoeldia.com\/index.php\/wp-json\/wp\/v2\/posts\/70470\/revisions"}],"predecessor-version":[{"id":70471,"href":"https:\/\/www.todoeldia.com\/index.php\/wp-json\/wp\/v2\/posts\/70470\/revisions\/70471"}],"wp:featuredmedia":[{"embeddable":true,"href":"https:\/\/www.todoeldia.com\/index.php\/wp-json\/wp\/v2\/media\/35009"}],"wp:attachment":[{"href":"https:\/\/www.todoeldia.com\/index.php\/wp-json\/wp\/v2\/media?parent=70470"}],"wp:term":[{"taxonomy":"category","embeddable":true,"href":"https:\/\/www.todoeldia.com\/index.php\/wp-json\/wp\/v2\/categories?post=70470"},{"taxonomy":"post_tag","embeddable":true,"href":"https:\/\/www.todoeldia.com\/index.php\/wp-json\/wp\/v2\/tags?post=70470"}],"curies":[{"name":"wp","href":"https:\/\/api.w.org\/{rel}","templated":true}]}}