{"id":70475,"date":"2023-12-29T22:46:55","date_gmt":"2023-12-30T01:46:55","guid":{"rendered":"https:\/\/www.todoeldia.com\/?p=70475"},"modified":"2023-12-29T22:46:55","modified_gmt":"2023-12-30T01:46:55","slug":"varios-barrios-afectados-por-la-tormenta-hasta-el-momento-36-familias-damnificadas","status":"publish","type":"post","link":"https:\/\/www.todoeldia.com\/index.php\/2023\/12\/29\/varios-barrios-afectados-por-la-tormenta-hasta-el-momento-36-familias-damnificadas\/","title":{"rendered":"Varios barrios afectados por la tormenta: hasta el momento 36 familias damnificadas"},"content":{"rendered":"\n<p>Con las fuertes tormentas de este viernes, la Municipalidad de Salta a trav\u00e9s del Comit\u00e9 de Emergencias comenz\u00f3 con las tareas de asistencia en diferentes barrios de la ciudad.<\/p>\n\n\n\n<p>En lo que va de la tarde se registraron varios incidentes a trav\u00e9s del sistema de Emergencia 105. Se dio respuesta a los pedidos de los vecinos por medio de las diferentes \u00e1reas municipales, que intervienen con operativos en las zonas afectadas.<\/p>\n\n\n\n<figure class=\"wp-block-image size-full is-resized\"><img loading=\"lazy\" decoding=\"async\" width=\"598\" height=\"450\" src=\"https:\/\/www.todoeldia.com\/wp-content\/uploads\/2023\/12\/arboles-caidos.jpg\" alt=\"\" class=\"wp-image-70477\" style=\"width:1068px;height:auto\" srcset=\"https:\/\/www.todoeldia.com\/wp-content\/uploads\/2023\/12\/arboles-caidos.jpg 598w, https:\/\/www.todoeldia.com\/wp-content\/uploads\/2023\/12\/arboles-caidos-300x226.jpg 300w, https:\/\/www.todoeldia.com\/wp-content\/uploads\/2023\/12\/arboles-caidos-558x420.jpg 558w, https:\/\/www.todoeldia.com\/wp-content\/uploads\/2023\/12\/arboles-caidos-80x60.jpg 80w, https:\/\/www.todoeldia.com\/wp-content\/uploads\/2023\/12\/arboles-caidos-265x198.jpg 265w\" sizes=\"auto, (max-width: 598px) 100vw, 598px\" \/><\/figure>\n\n\n\n<p>En primera medida, se activ\u00f3 de manera inmediata el protocolo de tormentas para facilitar el drenaje de agua acumulada en las diferentes arterias. Adem\u00e1s, se trabaja en la desobstrucci\u00f3n de imbornales en el centro de la ciudad.<\/p>\n\n\n\n<p>Desde Protecci\u00f3n Ciudadana, el personal realiza intervenci\u00f3n con levantamiento de ramas de gran porte y \u00e1rboles que estaban obstruyendo el paso vehicular y peatonal. Adem\u00e1s, se realizan recorridos preventivos.<\/p>\n\n\n\n<p>Por su parte, personal de Desarrollo Social colabora con los vecinos que resultaron m\u00e1s afectados por las inclemencias clim\u00e1ticas. Las zonas m\u00e1s cr\u00edticas son sudeste, este y norte de la ciudad, resultando 36 familias damnificadas. Contin\u00faan los recorridos por los barrios m\u00e1s cr\u00edticos de la capital.<\/p>\n\n\n\n<figure class=\"wp-block-image size-full is-resized\"><img loading=\"lazy\" decoding=\"async\" width=\"436\" height=\"500\" src=\"https:\/\/www.todoeldia.com\/wp-content\/uploads\/2023\/12\/barrios-inundados.jpg\" alt=\"\" class=\"wp-image-70478\" style=\"width:1068px;height:auto\" srcset=\"https:\/\/www.todoeldia.com\/wp-content\/uploads\/2023\/12\/barrios-inundados.jpg 436w, https:\/\/www.todoeldia.com\/wp-content\/uploads\/2023\/12\/barrios-inundados-262x300.jpg 262w, https:\/\/www.todoeldia.com\/wp-content\/uploads\/2023\/12\/barrios-inundados-300x344.jpg 300w, https:\/\/www.todoeldia.com\/wp-content\/uploads\/2023\/12\/barrios-inundados-366x420.jpg 366w\" sizes=\"auto, (max-width: 436px) 100vw, 436px\" \/><\/figure>\n\n\n\n<p>Hasta el momento se trabaj\u00f3 en barrio Portezuelo, Los Profesionales, San Francisco, Primera Junta, El Milagro y asentamiento Virgen de Urkupi\u00f1a. Tambi\u00e9n en Floresta Alta, tras el derrumbe de la pared de una vivienda.\u00a0<\/p>\n\n\n\n<figure class=\"wp-block-image size-full is-resized\"><img loading=\"lazy\" decoding=\"async\" width=\"518\" height=\"450\" src=\"https:\/\/www.todoeldia.com\/wp-content\/uploads\/2023\/12\/barrios-inundados1.jpg\" alt=\"\" class=\"wp-image-70479\" style=\"width:1069px;height:auto\" srcset=\"https:\/\/www.todoeldia.com\/wp-content\/uploads\/2023\/12\/barrios-inundados1.jpg 518w, https:\/\/www.todoeldia.com\/wp-content\/uploads\/2023\/12\/barrios-inundados1-300x261.jpg 300w, https:\/\/www.todoeldia.com\/wp-content\/uploads\/2023\/12\/barrios-inundados1-483x420.jpg 483w\" sizes=\"auto, (max-width: 518px) 100vw, 518px\" \/><\/figure>\n\n\n\n<p>En el barrio Juan Manuel de Rosas, dos viviendas familiares se vieron fuertemente afectadas por el temporal. En el lugar, el equipo municipal colabor\u00f3 con la extracci\u00f3n del agua de la vivienda, mediante el sistema de succi\u00f3n por bomba.<\/p>\n\n\n\n<p>Adem\u00e1s, Infanter\u00eda de Tr\u00e1nsito municipal trabaja auxiliando a veh\u00edculos varados en las intersecciones m\u00e1s afectadas. Se solicita circular con precauci\u00f3n y respetar las indicaciones del personal.<\/p>\n\n\n\n<p>Se recuerda que est\u00e1 habilitado el sistema de emergencia 105.<\/p>\n","protected":false},"excerpt":{"rendered":"<p>Con las fuertes tormentas de este viernes, la Municipalidad de Salta a trav\u00e9s del Comit\u00e9 de Emergencias comenz\u00f3 con las tareas de asistencia en diferentes barrios de la ciudad. En lo que va de la tarde se registraron varios incidentes a trav\u00e9s del sistema de Emergencia 105. Se dio respuesta a los pedidos de los [&hellip;]<\/p>\n","protected":false},"author":2,"featured_media":70476,"comment_status":"open","ping_status":"open","sticky":false,"template":"","format":"standard","meta":{"tdm_status":"","tdm_grid_status":"","_joinchat":[],"footnotes":""},"categories":[73],"tags":[],"class_list":{"0":"post-70475","1":"post","2":"type-post","3":"status-publish","4":"format-standard","5":"has-post-thumbnail","7":"category-noticias-general"},"amp_enabled":true,"_links":{"self":[{"href":"https:\/\/www.todoeldia.com\/index.php\/wp-json\/wp\/v2\/posts\/70475","targetHints":{"allow":["GET"]}}],"collection":[{"href":"https:\/\/www.todoeldia.com\/index.php\/wp-json\/wp\/v2\/posts"}],"about":[{"href":"https:\/\/www.todoeldia.com\/index.php\/wp-json\/wp\/v2\/types\/post"}],"author":[{"embeddable":true,"href":"https:\/\/www.todoeldia.com\/index.php\/wp-json\/wp\/v2\/users\/2"}],"replies":[{"embeddable":true,"href":"https:\/\/www.todoeldia.com\/index.php\/wp-json\/wp\/v2\/comments?post=70475"}],"version-history":[{"count":1,"href":"https:\/\/www.todoeldia.com\/index.php\/wp-json\/wp\/v2\/posts\/70475\/revisions"}],"predecessor-version":[{"id":70480,"href":"https:\/\/www.todoeldia.com\/index.php\/wp-json\/wp\/v2\/posts\/70475\/revisions\/70480"}],"wp:featuredmedia":[{"embeddable":true,"href":"https:\/\/www.todoeldia.com\/index.php\/wp-json\/wp\/v2\/media\/70476"}],"wp:attachment":[{"href":"https:\/\/www.todoeldia.com\/index.php\/wp-json\/wp\/v2\/media?parent=70475"}],"wp:term":[{"taxonomy":"category","embeddable":true,"href":"https:\/\/www.todoeldia.com\/index.php\/wp-json\/wp\/v2\/categories?post=70475"},{"taxonomy":"post_tag","embeddable":true,"href":"https:\/\/www.todoeldia.com\/index.php\/wp-json\/wp\/v2\/tags?post=70475"}],"curies":[{"name":"wp","href":"https:\/\/api.w.org\/{rel}","templated":true}]}}