{"id":70483,"date":"2023-12-29T22:53:09","date_gmt":"2023-12-30T01:53:09","guid":{"rendered":"https:\/\/www.todoeldia.com\/?p=70483"},"modified":"2023-12-29T22:56:02","modified_gmt":"2023-12-30T01:56:02","slug":"degenerado-asesino-a-su-beba-de-8-meses","status":"publish","type":"post","link":"https:\/\/www.todoeldia.com\/index.php\/2023\/12\/29\/degenerado-asesino-a-su-beba-de-8-meses\/","title":{"rendered":"Degenerado asesino a su beba de 8 meses"},"content":{"rendered":"\n<p>Es por un hecho ocurrido el pasado mes de agosto en la zona sudeste de la ciudad de Salta, cuando el hombre acudi\u00f3 a un centro de salud con su hija sin vida. Reunidos los elementos de convicci\u00f3n necesarios, se requiri\u00f3 que se eleve a juicio la causa contra el padre de la menor de 8 meses.<\/p>\n\n\n\n<p>El fiscal penal 2 de la Unidad de Graves Atentados contra las Personas 2, Gabriel Gonz\u00e1lez, requiri\u00f3 juicio ante el Juzgado de Garant\u00edas 6 del distrito Centro, para un hombre de 33 a\u00f1os como autor del delito de homicidio triplemente agravado por el v\u00ednculo, alevos\u00eda y por mediar violencia de g\u00e9nero en concurso real con abuso sexual con acceso carnal agravado por el v\u00ednculo en perjuicio de su hija menor de edad.<\/p>\n\n\n\n<p>El hecho ocurri\u00f3 el pasado 11 de agosto por la tarde, cuando el acusado lleg\u00f3 a un centro de salud en barrio Finca Independencia de la ciudad de Salta con su hija de ocho meses sin signos vitales. Personal policial que realizaba tareas de patrullaje, advirti\u00f3 la situaci\u00f3n y tom\u00f3 intervenci\u00f3n.<\/p>\n\n\n\n<figure class=\"wp-block-image size-full is-resized\"><img loading=\"lazy\" decoding=\"async\" width=\"878\" height=\"450\" src=\"https:\/\/www.todoeldia.com\/wp-content\/uploads\/2023\/12\/centro-salud-independencia.jpg\" alt=\"\" class=\"wp-image-70486\" style=\"width:1068px;height:auto\" srcset=\"https:\/\/www.todoeldia.com\/wp-content\/uploads\/2023\/12\/centro-salud-independencia.jpg 878w, https:\/\/www.todoeldia.com\/wp-content\/uploads\/2023\/12\/centro-salud-independencia-300x154.jpg 300w, https:\/\/www.todoeldia.com\/wp-content\/uploads\/2023\/12\/centro-salud-independencia-768x394.jpg 768w, https:\/\/www.todoeldia.com\/wp-content\/uploads\/2023\/12\/centro-salud-independencia-696x357.jpg 696w, https:\/\/www.todoeldia.com\/wp-content\/uploads\/2023\/12\/centro-salud-independencia-819x420.jpg 819w\" sizes=\"auto, (max-width: 878px) 100vw, 878px\" \/><\/figure>\n\n\n\n<p>Durante la investigaci\u00f3n y con el cumplimiento de numerosas medidas dispuestas para lograr el esclarecimiento del hecho se logr\u00f3 establecer que el acusado conviv\u00eda recientemente con la menor y su madre y que el grupo familiar se encontraba signado por un contexto de violencia en relaci\u00f3n a madre e hija.<\/p>\n\n\n\n<p>La muerte de la menor, seg\u00fan lo se\u00f1ala el informe de autopsia y sus estudios complementarios, se produjo en ocasi\u00f3n de que el acusado se encontraba a su cuidado y le caus\u00f3 lesiones que derivaron en su deceso.<\/p>\n\n\n\n<p>Tambi\u00e9n se constat\u00f3 la presencia de lesiones previas recientes que dan cuenta de otras situaciones de malos tratos e incluso de otros signos que evidencian que atent\u00f3 contra su integridad sexual, aprovech\u00e1ndose de la doble situaci\u00f3n de vulnerabilidad de la ni\u00f1a, dada por su muy corta edad y su condici\u00f3n de mujer.<\/p>\n\n\n\n<p>En el requerimiento se exponen de forma detallada todas las medidas probatorias producidas durante la investigaci\u00f3n, entre las que se cuenta los testimonios recogidos, las pericias y diligencias ordenadas y el informe de autopsia, que constituyen los elementos de convicci\u00f3n necesarios para solicitar que la causa sea elevada a juicio.<\/p>\n","protected":false},"excerpt":{"rendered":"<p>Es por un hecho ocurrido el pasado mes de agosto en la zona sudeste de la ciudad de Salta, cuando el hombre acudi\u00f3 a un centro de salud con su hija sin vida. Reunidos los elementos de convicci\u00f3n necesarios, se requiri\u00f3 que se eleve a juicio la causa contra el padre de la menor de [&hellip;]<\/p>\n","protected":false},"author":2,"featured_media":60444,"comment_status":"open","ping_status":"open","sticky":false,"template":"","format":"standard","meta":{"tdm_status":"","tdm_grid_status":"","_joinchat":[],"footnotes":""},"categories":[63],"tags":[],"class_list":{"0":"post-70483","1":"post","2":"type-post","3":"status-publish","4":"format-standard","5":"has-post-thumbnail","7":"category-policiales"},"amp_enabled":true,"_links":{"self":[{"href":"https:\/\/www.todoeldia.com\/index.php\/wp-json\/wp\/v2\/posts\/70483","targetHints":{"allow":["GET"]}}],"collection":[{"href":"https:\/\/www.todoeldia.com\/index.php\/wp-json\/wp\/v2\/posts"}],"about":[{"href":"https:\/\/www.todoeldia.com\/index.php\/wp-json\/wp\/v2\/types\/post"}],"author":[{"embeddable":true,"href":"https:\/\/www.todoeldia.com\/index.php\/wp-json\/wp\/v2\/users\/2"}],"replies":[{"embeddable":true,"href":"https:\/\/www.todoeldia.com\/index.php\/wp-json\/wp\/v2\/comments?post=70483"}],"version-history":[{"count":2,"href":"https:\/\/www.todoeldia.com\/index.php\/wp-json\/wp\/v2\/posts\/70483\/revisions"}],"predecessor-version":[{"id":70487,"href":"https:\/\/www.todoeldia.com\/index.php\/wp-json\/wp\/v2\/posts\/70483\/revisions\/70487"}],"wp:featuredmedia":[{"embeddable":true,"href":"https:\/\/www.todoeldia.com\/index.php\/wp-json\/wp\/v2\/media\/60444"}],"wp:attachment":[{"href":"https:\/\/www.todoeldia.com\/index.php\/wp-json\/wp\/v2\/media?parent=70483"}],"wp:term":[{"taxonomy":"category","embeddable":true,"href":"https:\/\/www.todoeldia.com\/index.php\/wp-json\/wp\/v2\/categories?post=70483"},{"taxonomy":"post_tag","embeddable":true,"href":"https:\/\/www.todoeldia.com\/index.php\/wp-json\/wp\/v2\/tags?post=70483"}],"curies":[{"name":"wp","href":"https:\/\/api.w.org\/{rel}","templated":true}]}}