{"id":70488,"date":"2023-12-29T22:59:06","date_gmt":"2023-12-30T01:59:06","guid":{"rendered":"https:\/\/www.todoeldia.com\/?p=70488"},"modified":"2023-12-29T22:59:06","modified_gmt":"2023-12-30T01:59:06","slug":"los-nenes-no-querian-ir-al-jardin-la-maestra-les-pegaba","status":"publish","type":"post","link":"https:\/\/www.todoeldia.com\/index.php\/2023\/12\/29\/los-nenes-no-querian-ir-al-jardin-la-maestra-les-pegaba\/","title":{"rendered":"Los nenes no quer\u00edan ir al jard\u00edn: la maestra les pegaba"},"content":{"rendered":"\n<p>Padres de siete ni\u00f1os de dos a\u00f1os, al notar signos de maltrato en un jard\u00edn maternal, presentaron las denuncias. Los ni\u00f1os expresaron que la maestra les pegaba, generando resistencia a asistir al jard\u00edn.&nbsp; Se abri\u00f3 decreto de imputaci\u00f3n tambi\u00e9n contra la directora del establecimiento.<\/p>\n\n\n\n<p>La fiscal penal Elisa P\u00e9rez, interina en la Fiscal\u00eda Penal 2, imput\u00f3 de forma provisional a una mujer de 29 a\u00f1os como autora del delito de lesiones leves (7 hechos) en concurso real en perjuicio de alumnos de la sala maternal donde se desempe\u00f1aba como docente auxiliar.<\/p>\n\n\n\n<p>Fue asistida por un abogado particular y se abstuvo de declarar.<\/p>\n\n\n\n<p>Las denuncias fueron realizadas por los padres de siete ni\u00f1os de dos a\u00f1os, quienes concurr\u00edan a un jard\u00edn maternal en la zona del barrio Tres Cerritos de la ciudad de Salta. Tomaron la decisi\u00f3n luego&nbsp; de notar signos de malos tratos f\u00edsicos y psicol\u00f3gicos en sus hijos. Los ni\u00f1os, al expresar que \u00abla se\u00f1o era mala\u00bb, revelaron que la maestra jardinera auxiliar les pegaba o los empujaba. Estos comportamientos se reflejaron en la actitud de los ni\u00f1os, quienes mostraban resistencia a asistir al jard\u00edn.<\/p>\n\n\n\n<p>Del relevamiento de testigos y del an\u00e1lisis de c\u00e1maras de seguridad, la Fiscal\u00eda obtuvo elementos de convicci\u00f3n suficientes para acusar a la mujer que se encontraba a cargo de los ni\u00f1os en la Sala de 2 a\u00f1os y abrir decreto de imputaci\u00f3n de forma provisional contra la directora del establecimiento como autora de los delitos de encubrimiento y falso testimonio en concurso real.<\/p>\n","protected":false},"excerpt":{"rendered":"<p>Padres de siete ni\u00f1os de dos a\u00f1os, al notar signos de maltrato en un jard\u00edn maternal, presentaron las denuncias. Los ni\u00f1os expresaron que la maestra les pegaba, generando resistencia a asistir al jard\u00edn.&nbsp; Se abri\u00f3 decreto de imputaci\u00f3n tambi\u00e9n contra la directora del establecimiento. La fiscal penal Elisa P\u00e9rez, interina en la Fiscal\u00eda Penal 2, [&hellip;]<\/p>\n","protected":false},"author":2,"featured_media":70489,"comment_status":"open","ping_status":"open","sticky":false,"template":"","format":"standard","meta":{"tdm_status":"","tdm_grid_status":"","_joinchat":[],"footnotes":""},"categories":[63],"tags":[],"class_list":{"0":"post-70488","1":"post","2":"type-post","3":"status-publish","4":"format-standard","5":"has-post-thumbnail","7":"category-policiales"},"amp_enabled":true,"_links":{"self":[{"href":"https:\/\/www.todoeldia.com\/index.php\/wp-json\/wp\/v2\/posts\/70488","targetHints":{"allow":["GET"]}}],"collection":[{"href":"https:\/\/www.todoeldia.com\/index.php\/wp-json\/wp\/v2\/posts"}],"about":[{"href":"https:\/\/www.todoeldia.com\/index.php\/wp-json\/wp\/v2\/types\/post"}],"author":[{"embeddable":true,"href":"https:\/\/www.todoeldia.com\/index.php\/wp-json\/wp\/v2\/users\/2"}],"replies":[{"embeddable":true,"href":"https:\/\/www.todoeldia.com\/index.php\/wp-json\/wp\/v2\/comments?post=70488"}],"version-history":[{"count":1,"href":"https:\/\/www.todoeldia.com\/index.php\/wp-json\/wp\/v2\/posts\/70488\/revisions"}],"predecessor-version":[{"id":70490,"href":"https:\/\/www.todoeldia.com\/index.php\/wp-json\/wp\/v2\/posts\/70488\/revisions\/70490"}],"wp:featuredmedia":[{"embeddable":true,"href":"https:\/\/www.todoeldia.com\/index.php\/wp-json\/wp\/v2\/media\/70489"}],"wp:attachment":[{"href":"https:\/\/www.todoeldia.com\/index.php\/wp-json\/wp\/v2\/media?parent=70488"}],"wp:term":[{"taxonomy":"category","embeddable":true,"href":"https:\/\/www.todoeldia.com\/index.php\/wp-json\/wp\/v2\/categories?post=70488"},{"taxonomy":"post_tag","embeddable":true,"href":"https:\/\/www.todoeldia.com\/index.php\/wp-json\/wp\/v2\/tags?post=70488"}],"curies":[{"name":"wp","href":"https:\/\/api.w.org\/{rel}","templated":true}]}}