{"id":70555,"date":"2024-01-02T11:50:07","date_gmt":"2024-01-02T14:50:07","guid":{"rendered":"https:\/\/www.todoeldia.com\/?p=70555"},"modified":"2024-01-02T11:50:08","modified_gmt":"2024-01-02T14:50:08","slug":"chocaron-dos-motos-en-democracia-uno-de-los-conductores-murio-el-otro-alcoholizado","status":"publish","type":"post","link":"https:\/\/www.todoeldia.com\/index.php\/2024\/01\/02\/chocaron-dos-motos-en-democracia-uno-de-los-conductores-murio-el-otro-alcoholizado\/","title":{"rendered":"Chocaron dos motos en Democracia: uno de los conductores muri\u00f3: el otro alcoholizado"},"content":{"rendered":"\n<p>Anoche, efectivos de la Comisar\u00eda N\u00b0 2 y peritos de Criminal\u00edstica trabajaron para documentar el hecho y establecer la mec\u00e1nica de un siniestro vial cercan\u00edas del ingreso a barrio Democracia, donde dos motocicletas colisionaron y el conductor de una de ellas perdi\u00f3 la vida.<\/p>\n\n\n\n<p>Cerca de las 23 de ayer, un llamado al Sistema de Emergencias 911 alert\u00f3 que en avenida Pellicer antes de llegar a ruta provincial 26 se produjo una colisi\u00f3n entre dos motociclistas.<\/p>\n\n\n\n<p>Inmediatamente se desplazaron recursos al lugar, observando sobre la cinta asf\u00e1ltica un masculino inconsciente quien fue asistido y traslado por personal del Samec, hacia el Hospital San Bernardo, donde pese a la inmediatez la persona ingreso sin vida.<\/p>\n\n\n\n<p>En cuanto a los ocupantes del otro rodado un hombre 30 y una mujer de 37 a\u00f1os, quienes se encontraban sin casco. Al realizar el test de alcoholemia se confirm\u00f3 que el mismo registraba, gramos de alcohol en sangre.<\/p>\n\n\n\n<p>Por el hecho tom\u00f3 intervenci\u00f3n la Fiscal\u00eda Penal de la zona.<\/p>\n","protected":false},"excerpt":{"rendered":"<p>Anoche, efectivos de la Comisar\u00eda N\u00b0 2 y peritos de Criminal\u00edstica trabajaron para documentar el hecho y establecer la mec\u00e1nica de un siniestro vial cercan\u00edas del ingreso a barrio Democracia, donde dos motocicletas colisionaron y el conductor de una de ellas perdi\u00f3 la vida. Cerca de las 23 de ayer, un llamado al Sistema de [&hellip;]<\/p>\n","protected":false},"author":2,"featured_media":70556,"comment_status":"open","ping_status":"open","sticky":false,"template":"","format":"standard","meta":{"tdm_status":"","tdm_grid_status":"","_joinchat":[],"footnotes":""},"categories":[63],"tags":[],"class_list":{"0":"post-70555","1":"post","2":"type-post","3":"status-publish","4":"format-standard","5":"has-post-thumbnail","7":"category-policiales"},"amp_enabled":true,"_links":{"self":[{"href":"https:\/\/www.todoeldia.com\/index.php\/wp-json\/wp\/v2\/posts\/70555","targetHints":{"allow":["GET"]}}],"collection":[{"href":"https:\/\/www.todoeldia.com\/index.php\/wp-json\/wp\/v2\/posts"}],"about":[{"href":"https:\/\/www.todoeldia.com\/index.php\/wp-json\/wp\/v2\/types\/post"}],"author":[{"embeddable":true,"href":"https:\/\/www.todoeldia.com\/index.php\/wp-json\/wp\/v2\/users\/2"}],"replies":[{"embeddable":true,"href":"https:\/\/www.todoeldia.com\/index.php\/wp-json\/wp\/v2\/comments?post=70555"}],"version-history":[{"count":1,"href":"https:\/\/www.todoeldia.com\/index.php\/wp-json\/wp\/v2\/posts\/70555\/revisions"}],"predecessor-version":[{"id":70557,"href":"https:\/\/www.todoeldia.com\/index.php\/wp-json\/wp\/v2\/posts\/70555\/revisions\/70557"}],"wp:featuredmedia":[{"embeddable":true,"href":"https:\/\/www.todoeldia.com\/index.php\/wp-json\/wp\/v2\/media\/70556"}],"wp:attachment":[{"href":"https:\/\/www.todoeldia.com\/index.php\/wp-json\/wp\/v2\/media?parent=70555"}],"wp:term":[{"taxonomy":"category","embeddable":true,"href":"https:\/\/www.todoeldia.com\/index.php\/wp-json\/wp\/v2\/categories?post=70555"},{"taxonomy":"post_tag","embeddable":true,"href":"https:\/\/www.todoeldia.com\/index.php\/wp-json\/wp\/v2\/tags?post=70555"}],"curies":[{"name":"wp","href":"https:\/\/api.w.org\/{rel}","templated":true}]}}