{"id":70558,"date":"2024-01-02T11:59:25","date_gmt":"2024-01-02T14:59:25","guid":{"rendered":"https:\/\/www.todoeldia.com\/?p=70558"},"modified":"2024-01-02T11:59:43","modified_gmt":"2024-01-02T14:59:43","slug":"detuvieron-a-un-hombre-que-mato-de-una-punalada-a-un-joven-en-norte-grande","status":"publish","type":"post","link":"https:\/\/www.todoeldia.com\/index.php\/2024\/01\/02\/detuvieron-a-un-hombre-que-mato-de-una-punalada-a-un-joven-en-norte-grande\/","title":{"rendered":"Detuvieron a un hombre que mat\u00f3 de una pu\u00f1alada a un joven en Norte Grande"},"content":{"rendered":"\n<p>El Hecho ocurri\u00f3 ayer en barrio Norte Grande, donde la v\u00edctima de 28 a\u00f1os result\u00f3 lesionada con un arma blanca. La r\u00e1pida intervenci\u00f3n permiti\u00f3 la demora de uno de los presuntos causantes.<\/p>\n\n\n\n<p>Ayer, cerca de las 14, ingres\u00f3 un llamado al Sistema de Emergencias 911 alertando un desorden y una persona lesionada. En consecuencia, al lugar se enviaron los recursos policiales y de salud, que constataron la presencia de un hombre de 28 a\u00f1os sin signos vitales.<\/p>\n\n\n\n<p>Trabaj\u00f3 la Comisaria Segunda Santa Cecilia dependiente de la Direcci\u00f3n Unidad Regional N\u00b0 10, Divisi\u00f3n Seguridad Urbana e Infanter\u00eda y la Divisi\u00f3n Homicidios. Por su parte, Criminal\u00edstica realiz\u00f3 la documentaci\u00f3n de la escena y el secuestro de elementos.<\/p>\n\n\n\n<p>Bajo la direcci\u00f3n de la Unidad de Graves Atentados contra Las Personas N\u00b0 1, se despleg\u00f3 un importante operativo donde a las 18:30 el grupo de investigadores pertenecientes a la Divisi\u00f3n Homicidios lograron la aprehensi\u00f3n de uno de los sospechosos un hombre de 43 a\u00f1os.<\/p>\n\n\n\n<p>La persona se encuentra a disposici\u00f3n de la justicia, en tanto se prosiguen las tareas investigativas a fin de establecer los pormenores del hecho.<\/p>\n","protected":false},"excerpt":{"rendered":"<p>El Hecho ocurri\u00f3 ayer en barrio Norte Grande, donde la v\u00edctima de 28 a\u00f1os result\u00f3 lesionada con un arma blanca. La r\u00e1pida intervenci\u00f3n permiti\u00f3 la demora de uno de los presuntos causantes. Ayer, cerca de las 14, ingres\u00f3 un llamado al Sistema de Emergencias 911 alertando un desorden y una persona lesionada. En consecuencia, al [&hellip;]<\/p>\n","protected":false},"author":2,"featured_media":44181,"comment_status":"open","ping_status":"open","sticky":false,"template":"","format":"standard","meta":{"tdm_status":"","tdm_grid_status":"","_joinchat":[],"footnotes":""},"categories":[63],"tags":[],"class_list":{"0":"post-70558","1":"post","2":"type-post","3":"status-publish","4":"format-standard","5":"has-post-thumbnail","7":"category-policiales"},"amp_enabled":true,"_links":{"self":[{"href":"https:\/\/www.todoeldia.com\/index.php\/wp-json\/wp\/v2\/posts\/70558","targetHints":{"allow":["GET"]}}],"collection":[{"href":"https:\/\/www.todoeldia.com\/index.php\/wp-json\/wp\/v2\/posts"}],"about":[{"href":"https:\/\/www.todoeldia.com\/index.php\/wp-json\/wp\/v2\/types\/post"}],"author":[{"embeddable":true,"href":"https:\/\/www.todoeldia.com\/index.php\/wp-json\/wp\/v2\/users\/2"}],"replies":[{"embeddable":true,"href":"https:\/\/www.todoeldia.com\/index.php\/wp-json\/wp\/v2\/comments?post=70558"}],"version-history":[{"count":1,"href":"https:\/\/www.todoeldia.com\/index.php\/wp-json\/wp\/v2\/posts\/70558\/revisions"}],"predecessor-version":[{"id":70559,"href":"https:\/\/www.todoeldia.com\/index.php\/wp-json\/wp\/v2\/posts\/70558\/revisions\/70559"}],"wp:featuredmedia":[{"embeddable":true,"href":"https:\/\/www.todoeldia.com\/index.php\/wp-json\/wp\/v2\/media\/44181"}],"wp:attachment":[{"href":"https:\/\/www.todoeldia.com\/index.php\/wp-json\/wp\/v2\/media?parent=70558"}],"wp:term":[{"taxonomy":"category","embeddable":true,"href":"https:\/\/www.todoeldia.com\/index.php\/wp-json\/wp\/v2\/categories?post=70558"},{"taxonomy":"post_tag","embeddable":true,"href":"https:\/\/www.todoeldia.com\/index.php\/wp-json\/wp\/v2\/tags?post=70558"}],"curies":[{"name":"wp","href":"https:\/\/api.w.org\/{rel}","templated":true}]}}