{"id":70588,"date":"2024-01-02T13:45:41","date_gmt":"2024-01-02T16:45:41","guid":{"rendered":"https:\/\/www.todoeldia.com\/?p=70588"},"modified":"2024-01-02T13:45:41","modified_gmt":"2024-01-02T16:45:41","slug":"menores-ebrios-y-sin-licencia-al-volante-el-drama-de-el-carril-en-estas-fiestas","status":"publish","type":"post","link":"https:\/\/www.todoeldia.com\/index.php\/2024\/01\/02\/menores-ebrios-y-sin-licencia-al-volante-el-drama-de-el-carril-en-estas-fiestas\/","title":{"rendered":"Menores ebrios y sin licencia al volante, el drama de El Carril en estas fiestas"},"content":{"rendered":"\n<p>El director de Tr\u00e1nsito de El Carril, Sim\u00f3n Tolaba, alert\u00f3 sobre el grave problema que se vive en el municipio por la conducci\u00f3n de veh\u00edculos por parte de menores de edad, muchos de ellos bajo los efectos del alcohol. Seg\u00fan Tolaba, se han detectado un gran n\u00famero de casos en las rutas 68 y 33, que atraviesan la jurisdicci\u00f3n de El Carril.<\/p>\n\n\n\n<p>Tolaba explic\u00f3 que, para navidad en los controles realizados en conjunto con la comisar\u00eda de El Carril, se han retenido varios veh\u00edculos conducidos por menores de edad, que no cuentan con licencia de conducir, pero s\u00ed con el \u201cpermiso\u201d de sus padres. Adem\u00e1s, por las fiestas ascienden los positivos para alcoholemia, lo que agrava la situaci\u00f3n.<\/p>\n\n\n\n<p>En este sentido el director de Tr\u00e1nsito de El Carril pidi\u00f3 a los padres que \u201cno presten sus veh\u00edculos a sus hijos menores de edad\u201d. Asimismo, advirti\u00f3 que se aplicar\u00e1n las sanciones correspondientes a los infractores, que pueden ir desde multas hasta la retenci\u00f3n del veh\u00edculo.<\/p>\n","protected":false},"excerpt":{"rendered":"<p>El director de Tr\u00e1nsito de El Carril, Sim\u00f3n Tolaba, alert\u00f3 sobre el grave problema que se vive en el municipio por la conducci\u00f3n de veh\u00edculos por parte de menores de edad, muchos de ellos bajo los efectos del alcohol. Seg\u00fan Tolaba, se han detectado un gran n\u00famero de casos en las rutas 68 y 33, [&hellip;]<\/p>\n","protected":false},"author":2,"featured_media":57004,"comment_status":"open","ping_status":"open","sticky":false,"template":"","format":"standard","meta":{"tdm_status":"","tdm_grid_status":"","_joinchat":[],"footnotes":""},"categories":[63],"tags":[],"class_list":{"0":"post-70588","1":"post","2":"type-post","3":"status-publish","4":"format-standard","5":"has-post-thumbnail","7":"category-policiales"},"amp_enabled":true,"_links":{"self":[{"href":"https:\/\/www.todoeldia.com\/index.php\/wp-json\/wp\/v2\/posts\/70588","targetHints":{"allow":["GET"]}}],"collection":[{"href":"https:\/\/www.todoeldia.com\/index.php\/wp-json\/wp\/v2\/posts"}],"about":[{"href":"https:\/\/www.todoeldia.com\/index.php\/wp-json\/wp\/v2\/types\/post"}],"author":[{"embeddable":true,"href":"https:\/\/www.todoeldia.com\/index.php\/wp-json\/wp\/v2\/users\/2"}],"replies":[{"embeddable":true,"href":"https:\/\/www.todoeldia.com\/index.php\/wp-json\/wp\/v2\/comments?post=70588"}],"version-history":[{"count":1,"href":"https:\/\/www.todoeldia.com\/index.php\/wp-json\/wp\/v2\/posts\/70588\/revisions"}],"predecessor-version":[{"id":70589,"href":"https:\/\/www.todoeldia.com\/index.php\/wp-json\/wp\/v2\/posts\/70588\/revisions\/70589"}],"wp:featuredmedia":[{"embeddable":true,"href":"https:\/\/www.todoeldia.com\/index.php\/wp-json\/wp\/v2\/media\/57004"}],"wp:attachment":[{"href":"https:\/\/www.todoeldia.com\/index.php\/wp-json\/wp\/v2\/media?parent=70588"}],"wp:term":[{"taxonomy":"category","embeddable":true,"href":"https:\/\/www.todoeldia.com\/index.php\/wp-json\/wp\/v2\/categories?post=70588"},{"taxonomy":"post_tag","embeddable":true,"href":"https:\/\/www.todoeldia.com\/index.php\/wp-json\/wp\/v2\/tags?post=70588"}],"curies":[{"name":"wp","href":"https:\/\/api.w.org\/{rel}","templated":true}]}}