{"id":70600,"date":"2024-01-02T18:35:50","date_gmt":"2024-01-02T21:35:50","guid":{"rendered":"https:\/\/www.todoeldia.com\/?p=70600"},"modified":"2024-01-02T18:35:50","modified_gmt":"2024-01-02T21:35:50","slug":"chau-chau-chau-marcelo-tinelli-enfrenta-la-contundente-debacle-de-bailando-2023","status":"publish","type":"post","link":"https:\/\/www.todoeldia.com\/index.php\/2024\/01\/02\/chau-chau-chau-marcelo-tinelli-enfrenta-la-contundente-debacle-de-bailando-2023\/","title":{"rendered":"\u00a1Chau, chau, chau!: Marcelo Tinelli enfrenta la contundente debacle de Bailando 2023"},"content":{"rendered":"\n<p>Marcelo Tinelli debe reconocer que semana a semana se ampl\u00eda la brecha entre &#8220;Gran Hermano 2023&#8221; y &#8220;Bailando 2023&#8221;. Los n\u00fameros hablan.<\/p>\n\n\n\n<p>El programa \u201cBailando 2023\u201d que conduce Marcelo Tinelli se hundi\u00f3 a\u00fan m\u00e1s en materia de rating con la llegada de \u201cGran Hermano 2023&#8243;. En las tres ocasiones que se ha transmitido el reality deja muy mal parado al programa del famoso conductor, por lo que Am\u00e9rica TV pierde teleaudiencia y es posible que termine ocupando un p\u00e9simo lugar como uno de los canales menos visto de la noche.<\/p>\n\n\n\n<figure class=\"wp-block-image size-full is-resized\"><img loading=\"lazy\" decoding=\"async\" width=\"768\" height=\"451\" src=\"https:\/\/www.todoeldia.com\/wp-content\/uploads\/2024\/01\/image-9.png\" alt=\"\" class=\"wp-image-70602\" style=\"width:1035px;height:auto\" srcset=\"https:\/\/www.todoeldia.com\/wp-content\/uploads\/2024\/01\/image-9.png 768w, https:\/\/www.todoeldia.com\/wp-content\/uploads\/2024\/01\/image-9-300x176.png 300w, https:\/\/www.todoeldia.com\/wp-content\/uploads\/2024\/01\/image-9-696x409.png 696w, https:\/\/www.todoeldia.com\/wp-content\/uploads\/2024\/01\/image-9-715x420.png 715w\" sizes=\"auto, (max-width: 768px) 100vw, 768px\" \/><\/figure>\n\n\n\n<p><strong>Marcelo Tinelli no levanta ni el polvo.<\/strong><\/p>\n\n\n\n<p>Es decir, que desde que empez\u00f3 la transmisi\u00f3n de \u201cGran Hermano 2023&#8243; se triplic\u00f3 la audiencia de Telefe. Esto provocar\u00eda la debacle de Marcelo Tinelli, ya que estar\u00eda atravesando los \u00faltimos programas al aire. Semana tras semana la competencia se hace muy evidente a favor del reality.<\/p>\n\n\n\n<p>Y es que con el inicio del a\u00f1o 2024 la transmisi\u00f3n de \u201cBailando 2023\u201d inici\u00f3 con rating de 3,2 como anticipo de lo que ser\u00eda una noche desoladora frente a los 16,1 puntos que obtuvo \u201cGran Hermano\u201d con Santiago Del Moro en Telefe, y que, sin dudas, fue lo m\u00e1s visto del d\u00eda.<\/p>\n\n\n\n<figure class=\"wp-block-image size-full is-resized\"><img loading=\"lazy\" decoding=\"async\" width=\"768\" height=\"448\" src=\"https:\/\/www.todoeldia.com\/wp-content\/uploads\/2024\/01\/image-10.png\" alt=\"\" class=\"wp-image-70603\" style=\"width:1035px;height:auto\" srcset=\"https:\/\/www.todoeldia.com\/wp-content\/uploads\/2024\/01\/image-10.png 768w, https:\/\/www.todoeldia.com\/wp-content\/uploads\/2024\/01\/image-10-300x175.png 300w, https:\/\/www.todoeldia.com\/wp-content\/uploads\/2024\/01\/image-10-696x406.png 696w, https:\/\/www.todoeldia.com\/wp-content\/uploads\/2024\/01\/image-10-720x420.png 720w\" sizes=\"auto, (max-width: 768px) 100vw, 768px\" \/><\/figure>\n\n\n\n<p><strong>Gran Hermano es la mayor competencia de Marcelo Tinelli .<\/strong><\/p>\n\n\n\n<p>De hecho, Marcelo Tinelli y su \u201cBailando 2023\u201d, que hab\u00eda escalado un puntaje de 6,2 en este inicio de a\u00f1o cay\u00f3 de manera estrepitosa a las 23:19 horas. Adem\u00e1s, alcanz\u00f3 sus n\u00fameros m\u00e1s bajos de teleaudiencia con 2,6 puntos, es decir, cinco veces menos que \u201cGran Hermano\u201d.<\/p>\n\n\n\n<p>Lo que se espera es que el \u201cBailando 2023\u201d de Marcelo Tinelli salga del aire, porque se encuentra ante un escenario irreversible por lo que restar\u00eda poco m\u00e1s de un mes para que abandone la grilla de Am\u00e9rica y sea reemplazado por alg\u00fan programa que compita de lleno contra su rival \u201cGran Hermano 2023\u201d.<\/p>\n","protected":false},"excerpt":{"rendered":"<p>Marcelo Tinelli debe reconocer que semana a semana se ampl\u00eda la brecha entre &#8220;Gran Hermano 2023&#8221; y &#8220;Bailando 2023&#8221;. Los n\u00fameros hablan. El programa \u201cBailando 2023\u201d que conduce Marcelo Tinelli se hundi\u00f3 a\u00fan m\u00e1s en materia de rating con la llegada de \u201cGran Hermano 2023&#8243;. En las tres ocasiones que se ha transmitido el reality [&hellip;]<\/p>\n","protected":false},"author":2,"featured_media":70601,"comment_status":"open","ping_status":"open","sticky":false,"template":"","format":"standard","meta":{"tdm_status":"","tdm_grid_status":"","_joinchat":[],"footnotes":""},"categories":[73],"tags":[],"class_list":{"0":"post-70600","1":"post","2":"type-post","3":"status-publish","4":"format-standard","5":"has-post-thumbnail","7":"category-noticias-general"},"amp_enabled":true,"_links":{"self":[{"href":"https:\/\/www.todoeldia.com\/index.php\/wp-json\/wp\/v2\/posts\/70600","targetHints":{"allow":["GET"]}}],"collection":[{"href":"https:\/\/www.todoeldia.com\/index.php\/wp-json\/wp\/v2\/posts"}],"about":[{"href":"https:\/\/www.todoeldia.com\/index.php\/wp-json\/wp\/v2\/types\/post"}],"author":[{"embeddable":true,"href":"https:\/\/www.todoeldia.com\/index.php\/wp-json\/wp\/v2\/users\/2"}],"replies":[{"embeddable":true,"href":"https:\/\/www.todoeldia.com\/index.php\/wp-json\/wp\/v2\/comments?post=70600"}],"version-history":[{"count":1,"href":"https:\/\/www.todoeldia.com\/index.php\/wp-json\/wp\/v2\/posts\/70600\/revisions"}],"predecessor-version":[{"id":70604,"href":"https:\/\/www.todoeldia.com\/index.php\/wp-json\/wp\/v2\/posts\/70600\/revisions\/70604"}],"wp:featuredmedia":[{"embeddable":true,"href":"https:\/\/www.todoeldia.com\/index.php\/wp-json\/wp\/v2\/media\/70601"}],"wp:attachment":[{"href":"https:\/\/www.todoeldia.com\/index.php\/wp-json\/wp\/v2\/media?parent=70600"}],"wp:term":[{"taxonomy":"category","embeddable":true,"href":"https:\/\/www.todoeldia.com\/index.php\/wp-json\/wp\/v2\/categories?post=70600"},{"taxonomy":"post_tag","embeddable":true,"href":"https:\/\/www.todoeldia.com\/index.php\/wp-json\/wp\/v2\/tags?post=70600"}],"curies":[{"name":"wp","href":"https:\/\/api.w.org\/{rel}","templated":true}]}}