{"id":70609,"date":"2024-01-03T14:48:51","date_gmt":"2024-01-03T17:48:51","guid":{"rendered":"https:\/\/www.todoeldia.com\/?p=70609"},"modified":"2024-01-03T14:48:52","modified_gmt":"2024-01-03T17:48:52","slug":"dos-muertos-en-un-choque-frontal-entre-dos-vehiculos-en-la-ruta-34-a-la-altura-de-rio-piedras","status":"publish","type":"post","link":"https:\/\/www.todoeldia.com\/index.php\/2024\/01\/03\/dos-muertos-en-un-choque-frontal-entre-dos-vehiculos-en-la-ruta-34-a-la-altura-de-rio-piedras\/","title":{"rendered":"Dos muertos en un choque frontal entre dos veh\u00edculos en la ruta 34 a la altura de Rio Piedras"},"content":{"rendered":"\n<p>Ocurri\u00f3 alrededor de las 10 sobre ruta nacional N\u00b0 9 y 34 altura del kil\u00f3metro 1.488. Seg\u00fan confirmaron fuentes policiales, muri\u00f3 una mujer de 92 a\u00f1os que viajaba como acompa\u00f1ante en el Peugeot y el conductor del otro rodado, oriundo de Jujuy.<\/p>\n\n\n\n<p>De inmediato el Centro de Coordinaci\u00f3n Operativa desplaz\u00f3 los recursos al lugar, quienes constataron la presencia de un autom\u00f3vil Peugeot con dos ocupantes y un Fiat guiado por un hombre mayor de edad acompa\u00f1ado de dos personas, por causas que se investigan estos rodados habr\u00edan colisionado de manera frontal.<\/p>\n\n\n\n<p>A trav\u00e9s de los profesionales de la salud se confirm\u00f3 el deceso de la acompa\u00f1ante del primer veh\u00edculo, una mujer de 92 a\u00f1os, y del conductor del segundo autom\u00f3vil. En tanto el resto de los ocupantes fueron trasladados al hospital local para una mejor valoraci\u00f3n.<\/p>\n\n\n\n<p>Por su parte los Peritos en Criminal\u00edstica trabajan en el lugar para documentar el hecho y determinar las causas que desencadenaron el siniestro.<\/p>\n\n\n\n<p>Tomo intervenci\u00f3n la Fiscal\u00eda de Penal de la zona.<\/p>\n","protected":false},"excerpt":{"rendered":"<p>Ocurri\u00f3 alrededor de las 10 sobre ruta nacional N\u00b0 9 y 34 altura del kil\u00f3metro 1.488. Seg\u00fan confirmaron fuentes policiales, muri\u00f3 una mujer de 92 a\u00f1os que viajaba como acompa\u00f1ante en el Peugeot y el conductor del otro rodado, oriundo de Jujuy. De inmediato el Centro de Coordinaci\u00f3n Operativa desplaz\u00f3 los recursos al lugar, quienes [&hellip;]<\/p>\n","protected":false},"author":2,"featured_media":70610,"comment_status":"open","ping_status":"open","sticky":false,"template":"","format":"standard","meta":{"tdm_status":"","tdm_grid_status":"","_joinchat":[],"footnotes":""},"categories":[63],"tags":[],"class_list":{"0":"post-70609","1":"post","2":"type-post","3":"status-publish","4":"format-standard","5":"has-post-thumbnail","7":"category-policiales"},"amp_enabled":true,"_links":{"self":[{"href":"https:\/\/www.todoeldia.com\/index.php\/wp-json\/wp\/v2\/posts\/70609","targetHints":{"allow":["GET"]}}],"collection":[{"href":"https:\/\/www.todoeldia.com\/index.php\/wp-json\/wp\/v2\/posts"}],"about":[{"href":"https:\/\/www.todoeldia.com\/index.php\/wp-json\/wp\/v2\/types\/post"}],"author":[{"embeddable":true,"href":"https:\/\/www.todoeldia.com\/index.php\/wp-json\/wp\/v2\/users\/2"}],"replies":[{"embeddable":true,"href":"https:\/\/www.todoeldia.com\/index.php\/wp-json\/wp\/v2\/comments?post=70609"}],"version-history":[{"count":1,"href":"https:\/\/www.todoeldia.com\/index.php\/wp-json\/wp\/v2\/posts\/70609\/revisions"}],"predecessor-version":[{"id":70611,"href":"https:\/\/www.todoeldia.com\/index.php\/wp-json\/wp\/v2\/posts\/70609\/revisions\/70611"}],"wp:featuredmedia":[{"embeddable":true,"href":"https:\/\/www.todoeldia.com\/index.php\/wp-json\/wp\/v2\/media\/70610"}],"wp:attachment":[{"href":"https:\/\/www.todoeldia.com\/index.php\/wp-json\/wp\/v2\/media?parent=70609"}],"wp:term":[{"taxonomy":"category","embeddable":true,"href":"https:\/\/www.todoeldia.com\/index.php\/wp-json\/wp\/v2\/categories?post=70609"},{"taxonomy":"post_tag","embeddable":true,"href":"https:\/\/www.todoeldia.com\/index.php\/wp-json\/wp\/v2\/tags?post=70609"}],"curies":[{"name":"wp","href":"https:\/\/api.w.org\/{rel}","templated":true}]}}