{"id":70615,"date":"2024-01-03T15:04:34","date_gmt":"2024-01-03T18:04:34","guid":{"rendered":"https:\/\/www.todoeldia.com\/?p=70615"},"modified":"2024-01-03T15:04:34","modified_gmt":"2024-01-03T18:04:34","slug":"dictaron-una-medida-cautelar-que-suspende-la-reforma-laboral-incluida-en-el-dnu-de-milei","status":"publish","type":"post","link":"https:\/\/www.todoeldia.com\/index.php\/2024\/01\/03\/dictaron-una-medida-cautelar-que-suspende-la-reforma-laboral-incluida-en-el-dnu-de-milei\/","title":{"rendered":"Dictaron una medida cautelar que suspende la reforma laboral incluida en el DNU de Milei"},"content":{"rendered":"\n<p>La C\u00e1mara Nacional del Trabajo acept\u00f3 el pedido de la CGT y suspendi\u00f3 los efectos del t\u00edtulo IV del decreto de desregulaci\u00f3n de la econom\u00eda hasta que haya una sentencia definitiva sobre la cuesti\u00f3n.<\/p>\n\n\n\n<p>La Justicia del Trabajo resolvi\u00f3 este martes hacer lugar a la medida cautelar solicitada por la CGT que suspende la aplicaci\u00f3n de las normas laborales incluidas en el DNU del presidente Javier Milei. Se trata del primer freno que imponen los tribunales a los alcances del decreto de necesidad y urgencia 70\/2023. \u201cLas formas republicanas no son mera ret\u00f3rica, sino que hacen a la esencia misma del sistema\u201d, advirti\u00f3 el fallo.<\/p>\n\n\n\n<p>Por dos votos a uno, la C\u00e1mara de feria ni siquiera esper\u00f3 la justificaci\u00f3n oficial en el expediente para defender el DNU, justo cuando estaba en juego si pod\u00eda pronunciarse. Se descuenta que el Gobierno apelar\u00e1 la resoluci\u00f3n ante la Corte Suprema. El Procurador del Tesoro Rodolfo Barra quer\u00eda que el caso quedara bajo la \u00f3rbita del fuero en lo contencioso administrativo, que ya concentr\u00f3 la mayor\u00eda de las presentaciones.<\/p>\n","protected":false},"excerpt":{"rendered":"<p>La C\u00e1mara Nacional del Trabajo acept\u00f3 el pedido de la CGT y suspendi\u00f3 los efectos del t\u00edtulo IV del decreto de desregulaci\u00f3n de la econom\u00eda hasta que haya una sentencia definitiva sobre la cuesti\u00f3n. La Justicia del Trabajo resolvi\u00f3 este martes hacer lugar a la medida cautelar solicitada por la CGT que suspende la aplicaci\u00f3n [&hellip;]<\/p>\n","protected":false},"author":2,"featured_media":70616,"comment_status":"open","ping_status":"open","sticky":false,"template":"","format":"standard","meta":{"tdm_status":"","tdm_grid_status":"","_joinchat":[],"footnotes":""},"categories":[59],"tags":[],"class_list":{"0":"post-70615","1":"post","2":"type-post","3":"status-publish","4":"format-standard","5":"has-post-thumbnail","7":"category-politica"},"amp_enabled":true,"_links":{"self":[{"href":"https:\/\/www.todoeldia.com\/index.php\/wp-json\/wp\/v2\/posts\/70615","targetHints":{"allow":["GET"]}}],"collection":[{"href":"https:\/\/www.todoeldia.com\/index.php\/wp-json\/wp\/v2\/posts"}],"about":[{"href":"https:\/\/www.todoeldia.com\/index.php\/wp-json\/wp\/v2\/types\/post"}],"author":[{"embeddable":true,"href":"https:\/\/www.todoeldia.com\/index.php\/wp-json\/wp\/v2\/users\/2"}],"replies":[{"embeddable":true,"href":"https:\/\/www.todoeldia.com\/index.php\/wp-json\/wp\/v2\/comments?post=70615"}],"version-history":[{"count":1,"href":"https:\/\/www.todoeldia.com\/index.php\/wp-json\/wp\/v2\/posts\/70615\/revisions"}],"predecessor-version":[{"id":70617,"href":"https:\/\/www.todoeldia.com\/index.php\/wp-json\/wp\/v2\/posts\/70615\/revisions\/70617"}],"wp:featuredmedia":[{"embeddable":true,"href":"https:\/\/www.todoeldia.com\/index.php\/wp-json\/wp\/v2\/media\/70616"}],"wp:attachment":[{"href":"https:\/\/www.todoeldia.com\/index.php\/wp-json\/wp\/v2\/media?parent=70615"}],"wp:term":[{"taxonomy":"category","embeddable":true,"href":"https:\/\/www.todoeldia.com\/index.php\/wp-json\/wp\/v2\/categories?post=70615"},{"taxonomy":"post_tag","embeddable":true,"href":"https:\/\/www.todoeldia.com\/index.php\/wp-json\/wp\/v2\/tags?post=70615"}],"curies":[{"name":"wp","href":"https:\/\/api.w.org\/{rel}","templated":true}]}}