{"id":70627,"date":"2024-01-03T15:20:58","date_gmt":"2024-01-03T18:20:58","guid":{"rendered":"https:\/\/www.todoeldia.com\/?p=70627"},"modified":"2024-01-03T15:20:58","modified_gmt":"2024-01-03T18:20:58","slug":"el-60-de-las-familias-de-clase-media-analiza-no-salir-de-vacaciones-por-la-situacion-economica","status":"publish","type":"post","link":"https:\/\/www.todoeldia.com\/index.php\/2024\/01\/03\/el-60-de-las-familias-de-clase-media-analiza-no-salir-de-vacaciones-por-la-situacion-economica\/","title":{"rendered":"El 60 % de las familias de clase media analiza no salir de vacaciones por la situaci\u00f3n econ\u00f3mica"},"content":{"rendered":"\n<p>Una encuesta de D\u2019Alessio IROL indic\u00f3 que gran parte de los sectores medios y medios bajos decidi\u00f3 no irse de vacaciones este a\u00f1o. Los factores que m\u00e1s influyeron fueron el escenario econ\u00f3mico y el costo final<\/p>\n\n\n\n<p>El 46% en los sectores medios est\u00e1 pensando en no salir de vacaciones en este verano y la cifra aumenta al 60% en el segmento medio bajo, de acuerdo a una encuesta de D\u2019Alessio IROL.<\/p>\n\n\n\n<p>En tanto, del 37% que s\u00ed se tomar\u00e1 vacaciones, la mayor parte (25%) viajar\u00e1 dentro de la Argentina, mientras que el 10% al exterior y el 2% har\u00e1 viajes fuera y dentro del pa\u00eds. Hay un 17% restante que no sabe qu\u00e9 har\u00e1.<\/p>\n\n\n\n<p>Pero lo que se percibe del escenario econ\u00f3mico y costo final est\u00e1 condicionando la decisi\u00f3n de irse o no de vacaciones. Estos dos factores inciden en mayor o menor medida dependiendo del rango etario.<\/p>\n\n\n\n<p>El panorama econ\u00f3mico es m\u00e1s importante por los sub 30 y quienes tienen entre 45 y 54 a\u00f1os.<\/p>\n\n\n\n<p>El costo tiene m\u00e1s peso entre los menores de 44 a\u00f1os (27%) y disminuye en los mayores de los 45 a\u00f1os (18%).<\/p>\n","protected":false},"excerpt":{"rendered":"<p>Una encuesta de D\u2019Alessio IROL indic\u00f3 que gran parte de los sectores medios y medios bajos decidi\u00f3 no irse de vacaciones este a\u00f1o. Los factores que m\u00e1s influyeron fueron el escenario econ\u00f3mico y el costo final El 46% en los sectores medios est\u00e1 pensando en no salir de vacaciones en este verano y la cifra [&hellip;]<\/p>\n","protected":false},"author":2,"featured_media":70628,"comment_status":"open","ping_status":"open","sticky":false,"template":"","format":"standard","meta":{"tdm_status":"","tdm_grid_status":"","_joinchat":[],"footnotes":""},"categories":[60],"tags":[],"class_list":{"0":"post-70627","1":"post","2":"type-post","3":"status-publish","4":"format-standard","5":"has-post-thumbnail","7":"category-economia"},"amp_enabled":true,"_links":{"self":[{"href":"https:\/\/www.todoeldia.com\/index.php\/wp-json\/wp\/v2\/posts\/70627","targetHints":{"allow":["GET"]}}],"collection":[{"href":"https:\/\/www.todoeldia.com\/index.php\/wp-json\/wp\/v2\/posts"}],"about":[{"href":"https:\/\/www.todoeldia.com\/index.php\/wp-json\/wp\/v2\/types\/post"}],"author":[{"embeddable":true,"href":"https:\/\/www.todoeldia.com\/index.php\/wp-json\/wp\/v2\/users\/2"}],"replies":[{"embeddable":true,"href":"https:\/\/www.todoeldia.com\/index.php\/wp-json\/wp\/v2\/comments?post=70627"}],"version-history":[{"count":1,"href":"https:\/\/www.todoeldia.com\/index.php\/wp-json\/wp\/v2\/posts\/70627\/revisions"}],"predecessor-version":[{"id":70629,"href":"https:\/\/www.todoeldia.com\/index.php\/wp-json\/wp\/v2\/posts\/70627\/revisions\/70629"}],"wp:featuredmedia":[{"embeddable":true,"href":"https:\/\/www.todoeldia.com\/index.php\/wp-json\/wp\/v2\/media\/70628"}],"wp:attachment":[{"href":"https:\/\/www.todoeldia.com\/index.php\/wp-json\/wp\/v2\/media?parent=70627"}],"wp:term":[{"taxonomy":"category","embeddable":true,"href":"https:\/\/www.todoeldia.com\/index.php\/wp-json\/wp\/v2\/categories?post=70627"},{"taxonomy":"post_tag","embeddable":true,"href":"https:\/\/www.todoeldia.com\/index.php\/wp-json\/wp\/v2\/tags?post=70627"}],"curies":[{"name":"wp","href":"https:\/\/api.w.org\/{rel}","templated":true}]}}