{"id":70630,"date":"2024-01-03T17:15:05","date_gmt":"2024-01-03T20:15:05","guid":{"rendered":"https:\/\/www.todoeldia.com\/?p=70630"},"modified":"2024-01-03T17:15:06","modified_gmt":"2024-01-03T20:15:06","slug":"le-dieron-la-cana-cuando-estaba-robando-en-la-casa-de-su-vecina","status":"publish","type":"post","link":"https:\/\/www.todoeldia.com\/index.php\/2024\/01\/03\/le-dieron-la-cana-cuando-estaba-robando-en-la-casa-de-su-vecina\/","title":{"rendered":"Le dieron la \u201ccana\u201d cuando estaba robando en la casa de su vecina"},"content":{"rendered":"\n<p>El acusado fue vecino de la damnificada y fue encontrado en el interior de su vivienda, cuando tras escalar un port\u00f3n, ingres\u00f3 y violent\u00f3 las medidas de seguridad para sustraer dinero y otros bienes.<\/p>\n\n\n\n<p>La Fiscal\u00eda Penal 3 inform\u00f3 la detenci\u00f3n e imputaci\u00f3n de forma provisional de un hombre de 29 a\u00f1os como autor del delito de robo doblemente calificado por haberse cometido con efracci\u00f3n y escalamiento en perjuicio de una vecina de barrio San Calixto de la ciudad de Salta.<\/p>\n\n\n\n<p>El hecho investigado ocurri\u00f3 d\u00edas atr\u00e1s, cuando una mujer que se encontraba de viaje, fue advertida por vecinos de la presencia de extra\u00f1os en su vivienda en la zona sur de la ciudad. Al presentarse un hijo de la damnificada y personal policial, encontraron en el interior al acusado, quien hab\u00eda sido su vecino y se resisti\u00f3 a ser demorado.<\/p>\n\n\n\n<p>El sospechoso habr\u00eda ingresado luego de escalar un port\u00f3n y tras da\u00f1ar la cerradura de la puerta y causar otros da\u00f1os, sustrajo dinero, una computadora, una Tablet, dos celulares y otros bienes.<\/p>\n\n\n\n<p>Tras la audiencia de imputaci\u00f3n, desde la Fiscal\u00eda se solicit\u00f3 al Juzgado de Garant\u00edas en turno que se mantenga detenido al acusado.<\/p>\n","protected":false},"excerpt":{"rendered":"<p>El acusado fue vecino de la damnificada y fue encontrado en el interior de su vivienda, cuando tras escalar un port\u00f3n, ingres\u00f3 y violent\u00f3 las medidas de seguridad para sustraer dinero y otros bienes. La Fiscal\u00eda Penal 3 inform\u00f3 la detenci\u00f3n e imputaci\u00f3n de forma provisional de un hombre de 29 a\u00f1os como autor del [&hellip;]<\/p>\n","protected":false},"author":2,"featured_media":40849,"comment_status":"open","ping_status":"open","sticky":false,"template":"","format":"standard","meta":{"tdm_status":"","tdm_grid_status":"","_joinchat":[],"footnotes":""},"categories":[63],"tags":[],"class_list":{"0":"post-70630","1":"post","2":"type-post","3":"status-publish","4":"format-standard","5":"has-post-thumbnail","7":"category-policiales"},"amp_enabled":true,"_links":{"self":[{"href":"https:\/\/www.todoeldia.com\/index.php\/wp-json\/wp\/v2\/posts\/70630","targetHints":{"allow":["GET"]}}],"collection":[{"href":"https:\/\/www.todoeldia.com\/index.php\/wp-json\/wp\/v2\/posts"}],"about":[{"href":"https:\/\/www.todoeldia.com\/index.php\/wp-json\/wp\/v2\/types\/post"}],"author":[{"embeddable":true,"href":"https:\/\/www.todoeldia.com\/index.php\/wp-json\/wp\/v2\/users\/2"}],"replies":[{"embeddable":true,"href":"https:\/\/www.todoeldia.com\/index.php\/wp-json\/wp\/v2\/comments?post=70630"}],"version-history":[{"count":1,"href":"https:\/\/www.todoeldia.com\/index.php\/wp-json\/wp\/v2\/posts\/70630\/revisions"}],"predecessor-version":[{"id":70631,"href":"https:\/\/www.todoeldia.com\/index.php\/wp-json\/wp\/v2\/posts\/70630\/revisions\/70631"}],"wp:featuredmedia":[{"embeddable":true,"href":"https:\/\/www.todoeldia.com\/index.php\/wp-json\/wp\/v2\/media\/40849"}],"wp:attachment":[{"href":"https:\/\/www.todoeldia.com\/index.php\/wp-json\/wp\/v2\/media?parent=70630"}],"wp:term":[{"taxonomy":"category","embeddable":true,"href":"https:\/\/www.todoeldia.com\/index.php\/wp-json\/wp\/v2\/categories?post=70630"},{"taxonomy":"post_tag","embeddable":true,"href":"https:\/\/www.todoeldia.com\/index.php\/wp-json\/wp\/v2\/tags?post=70630"}],"curies":[{"name":"wp","href":"https:\/\/api.w.org\/{rel}","templated":true}]}}