{"id":70635,"date":"2024-01-03T19:11:39","date_gmt":"2024-01-03T22:11:39","guid":{"rendered":"https:\/\/www.todoeldia.com\/?p=70635"},"modified":"2024-01-03T19:11:58","modified_gmt":"2024-01-03T22:11:58","slug":"el-ministerio-publico-fiscal-quiero-presos-a-los-guardia-carceles-corruptos-de-villa-las-rosas","status":"publish","type":"post","link":"https:\/\/www.todoeldia.com\/index.php\/2024\/01\/03\/el-ministerio-publico-fiscal-quiero-presos-a-los-guardia-carceles-corruptos-de-villa-las-rosas\/","title":{"rendered":"El Ministerio P\u00fablico Fiscal quiero presos a los guardia c\u00e1rceles corruptos y coimeros de Villa Las Rosas"},"content":{"rendered":"\n<p>El Ministerio P\u00fablico Fiscal realiz\u00f3 una presentaci\u00f3n ante el Tribunal de Impugnaci\u00f3n en relaci\u00f3n a la apelaci\u00f3n por el arresto domiciliario a los jefes del Servicio Penitenciario.<\/p>\n\n\n\n<p>Es en referencia al recurso presentado por la Unidad Fiscal integrada por el procurador General de la Provincia de Salta, Pedro Garc\u00eda Castiella; y los fiscales Ana In\u00e9s Salinas Odorisio y Gustavo Torres Rubelt, donde se requiri\u00f3 al Juzgado de Garant\u00edas se revoquen las resoluciones dictadas en audiencias multiprop\u00f3sitos del 18 y 19 de diciembre y se disponga la prisi\u00f3n preventiva de los 13 imputados.<\/p>\n\n\n\n<p>Pedro Garc\u00eda Castiella, procurador general de la Provincia de Salta y el fiscal penal Gustavo Torres Rubelt (interino), integrantes de la Unidad Fiscal que lleva adelante la investigaci\u00f3n a funcionarios del Servicio Penitenciario que habr\u00edan exigido dinero a cambio de otorgar ciertos beneficios o permitido el ingreso de elementos prohibidos y estupefacientes para personas detenidas, realizaron este mi\u00e9rcoles una presentaci\u00f3n ante el Tribunal de Impugnaci\u00f3n en donde acompa\u00f1an actuaciones remitidas por la Secretar\u00eda de Derechos Humanos de la Corte de Justicia, donde se da cuenta de la situaci\u00f3n de vulnerabilidad expresada por personas que manifiestan temor por amenazas que habr\u00edan recibido de parte de los penitenciarios involucrados y que gozan del beneficio de prisi\u00f3n domiciliaria.<\/p>\n\n\n\n<figure class=\"wp-block-image size-full\"><img loading=\"lazy\" decoding=\"async\" width=\"1024\" height=\"767\" src=\"https:\/\/www.todoeldia.com\/wp-content\/uploads\/2024\/01\/image-12.png\" alt=\"\" class=\"wp-image-70637\" srcset=\"https:\/\/www.todoeldia.com\/wp-content\/uploads\/2024\/01\/image-12.png 1024w, https:\/\/www.todoeldia.com\/wp-content\/uploads\/2024\/01\/image-12-300x225.png 300w, https:\/\/www.todoeldia.com\/wp-content\/uploads\/2024\/01\/image-12-768x575.png 768w, https:\/\/www.todoeldia.com\/wp-content\/uploads\/2024\/01\/image-12-696x521.png 696w, https:\/\/www.todoeldia.com\/wp-content\/uploads\/2024\/01\/image-12-561x420.png 561w, https:\/\/www.todoeldia.com\/wp-content\/uploads\/2024\/01\/image-12-80x60.png 80w, https:\/\/www.todoeldia.com\/wp-content\/uploads\/2024\/01\/image-12-265x198.png 265w\" sizes=\"auto, (max-width: 1024px) 100vw, 1024px\" \/><\/figure>\n\n\n\n<p>Cabe destacar que id\u00e9ntico tr\u00e1mite se realiz\u00f3 ante el Juzgado de Garant\u00edas del distrito Centro donde tramita la causa.<\/p>\n\n\n\n<p>Esta presentaci\u00f3n suma elementos de convicci\u00f3n al recurso de apelaci\u00f3n interpuesto oportunamente por la Unidad Fiscal en contra de las Resoluciones adoptadas por el Juez de Garant\u00edas 4 del distrito Centro, quien orden\u00f3 la medida sustitutiva de detenci\u00f3n domiciliaria de 13 de los involucrados.<\/p>\n\n\n\n<p>En el extenso recurso presentado el pasado mes de diciembre por el Procurador General de la Provincia y los fiscales Salinas Odorisio y Torres Rubelt, se hace hincapi\u00e9 en el riesgo procesal que representa la prisi\u00f3n domiciliaria de los investigados y se resaltan que \u201clos costosos esfuerzos dispuestos por el Ministerio Publico Fiscal, en el contexto de una clara e irrenunciable pol\u00edtica criminal direccionada al firme embate en contra de cualquier tipo de criminalidad organizada, requiere indefectiblemente de un acompa\u00f1amiento en los objetivos de dicha pol\u00edtica desde los otros estamentos del Estado; lo que no significa de manera alguna pretender abdicaci\u00f3n alguna en cuanto a resguardo de derechos y garant\u00edas individuales, pero s\u00ed una prudente ponderaci\u00f3n de la vista del conjunto y del todo en las delicadas consecuencias de cada decisi\u00f3n en el proceso\u201d.<\/p>\n\n\n\n<p>En definitiva, la Unidad Fiscal asegur\u00f3 que \u201cSOBRARON Y SOBRAN FUNDAMENTOS PARA EL PEDIDO Y DICTADO DE LA PRISI\u00d3N PREVENTIVA, cuya finalidad es el an\u00e1lisis de m\u00e9rito de riesgo procesal y no de elementos convictivos de participaci\u00f3n y calificaci\u00f3n\u201d y que \u201cque ante la gravedad y cantidad de hechos que est\u00e1n en curso de investigaci\u00f3n se puede prever que la condena va a ser inexorablemente de cumplimiento efectivo, tanto por las exacciones ilegales agravadas, m\u00e1s all\u00e1 de su m\u00ednimo legal conminado en abstracto, como sin duda alguna por la escala penal de los delitos relacionados con estupefacientes cuyo m\u00ednimo legal es de 6 a\u00f1os conforme las agravantes imputadas. El sr. Juez m\u00e1s all\u00e1 de sus yerros, dijo que el m\u00ednimo de las exacciones permitir\u00eda una condena en suspenso, pero entonces \u00bfCu\u00e1l es la l\u00f3gica con los m\u00ednimos de los hechos de comercializaci\u00f3n doble y triplemente agravada? Para ello recurri\u00f3 a la mera afirmaci\u00f3n que no acreditamos el riesgo procesal\u201d<\/p>\n\n\n\n<p>Por otra parte, la Unidad Fiscal dijo que \u201clo que persigue el proceso como \u00faltimo fin, es averiguar la verdad de los hechos, el da\u00f1o que ocasion\u00f3, salvaguardando los derechos e intereses que le asisten a quienes resultan damnificados por el actuar contrario a la ley y que esperan respuesta de la Justicia, en el afianzamiento de la misma, por lo que resulta necesario garantizar que no se frustre la eventual aplicaci\u00f3n de una condena de ejecuci\u00f3n efectiva, m\u00e1xime teniendo en consideraci\u00f3n el tenor y la multiplicidad de los sucesos que se le endilgan a los causantes, circunstancia que debe ser valorado como peligro de fuga\u201d y destac\u00f3 \u201cque el encarcelamiento de los imputados es el \u00fanico medio id\u00f3neo a fin de garantizar los fines del proceso penal. En efecto, si bien el estado de privaci\u00f3n de la libertad es revisable en todo momento, la ley procesal sujeta la modificaci\u00f3n de la medida restrictiva en atenci\u00f3n a que probadas circunstancias expongan que hubo una modificaci\u00f3n de aquellas que determinaron su imposici\u00f3n, y ello justifique que el riesgo procesal pueda neutralizarse con otra medida de menor intensidad, lo que no ha ocurrido en las presentes, al contrario, entendemos que subsisten a la fecha las circunstancias que fundaron el pedido de prisi\u00f3n preventiva\u201d.<\/p>\n","protected":false},"excerpt":{"rendered":"<p>El Ministerio P\u00fablico Fiscal realiz\u00f3 una presentaci\u00f3n ante el Tribunal de Impugnaci\u00f3n en relaci\u00f3n a la apelaci\u00f3n por el arresto domiciliario a los jefes del Servicio Penitenciario. Es en referencia al recurso presentado por la Unidad Fiscal integrada por el procurador General de la Provincia de Salta, Pedro Garc\u00eda Castiella; y los fiscales Ana In\u00e9s [&hellip;]<\/p>\n","protected":false},"author":2,"featured_media":70636,"comment_status":"open","ping_status":"open","sticky":false,"template":"","format":"standard","meta":{"tdm_status":"","tdm_grid_status":"","_joinchat":[],"footnotes":""},"categories":[63],"tags":[],"class_list":{"0":"post-70635","1":"post","2":"type-post","3":"status-publish","4":"format-standard","5":"has-post-thumbnail","7":"category-policiales"},"amp_enabled":true,"_links":{"self":[{"href":"https:\/\/www.todoeldia.com\/index.php\/wp-json\/wp\/v2\/posts\/70635","targetHints":{"allow":["GET"]}}],"collection":[{"href":"https:\/\/www.todoeldia.com\/index.php\/wp-json\/wp\/v2\/posts"}],"about":[{"href":"https:\/\/www.todoeldia.com\/index.php\/wp-json\/wp\/v2\/types\/post"}],"author":[{"embeddable":true,"href":"https:\/\/www.todoeldia.com\/index.php\/wp-json\/wp\/v2\/users\/2"}],"replies":[{"embeddable":true,"href":"https:\/\/www.todoeldia.com\/index.php\/wp-json\/wp\/v2\/comments?post=70635"}],"version-history":[{"count":2,"href":"https:\/\/www.todoeldia.com\/index.php\/wp-json\/wp\/v2\/posts\/70635\/revisions"}],"predecessor-version":[{"id":70639,"href":"https:\/\/www.todoeldia.com\/index.php\/wp-json\/wp\/v2\/posts\/70635\/revisions\/70639"}],"wp:featuredmedia":[{"embeddable":true,"href":"https:\/\/www.todoeldia.com\/index.php\/wp-json\/wp\/v2\/media\/70636"}],"wp:attachment":[{"href":"https:\/\/www.todoeldia.com\/index.php\/wp-json\/wp\/v2\/media?parent=70635"}],"wp:term":[{"taxonomy":"category","embeddable":true,"href":"https:\/\/www.todoeldia.com\/index.php\/wp-json\/wp\/v2\/categories?post=70635"},{"taxonomy":"post_tag","embeddable":true,"href":"https:\/\/www.todoeldia.com\/index.php\/wp-json\/wp\/v2\/tags?post=70635"}],"curies":[{"name":"wp","href":"https:\/\/api.w.org\/{rel}","templated":true}]}}