{"id":70640,"date":"2024-01-03T19:43:47","date_gmt":"2024-01-03T22:43:47","guid":{"rendered":"https:\/\/www.todoeldia.com\/?p=70640"},"modified":"2024-01-03T19:44:21","modified_gmt":"2024-01-03T22:44:21","slug":"otro-violento-asalto-comando-en-oran","status":"publish","type":"post","link":"https:\/\/www.todoeldia.com\/index.php\/2024\/01\/03\/otro-violento-asalto-comando-en-oran\/","title":{"rendered":"Otro violento asalto comando en Or\u00e1n"},"content":{"rendered":"\n<p>Vecinos alertaron el fin de semana una nueva situaci\u00f3n delictiva con mucha violencia en el \u00faltimamente conflictivo y peligroso pasaje Uspallata del Barrio Patr\u00f3n Costas de Or\u00e1n.<\/p>\n\n\n\n<p>A trav\u00e9s de la denuncia se pudo conocer que 5 personas, armadas, ingresaron en la casa de un vecino que vive en el lugar y apuntaron, no solamente a \u00e9l, sino a toda la familia reunida el fin de semana para recibir el a\u00f1o nuevo.<\/p>\n\n\n\n<p>&#8220;Entreganos la mercader\u00eda sino te matamos a vos y a todos&#8221; fue el grito de uno de los cinco delincuentes, haciendo alusi\u00f3n a las lonas (bagayeras) que ten\u00eda esta persona.<\/p>\n\n\n\n<p>Los vecinos se alertaron de la situaci\u00f3n cuando escucharon dos disparos de arma de fuego, que hicieron los delincuentes para amedrentar y obligar a entregar la mercader\u00eda.<\/p>\n\n\n\n<p>El hombre que afrontaba el asalto intento defender a su familia con una barreta y recibi\u00f3 un culatazo que lo desmay\u00f3 y termin\u00f3 recuperando el conocimiento en el hospital.<\/p>\n\n\n\n<p>Los malhechores terminaron llev\u00e1ndose lonas, mercader\u00eda suelta y dinero en efectivo. La v\u00edctima logr\u00f3 describir a uno de ellos, como un hombre de baja estatura, t\u00e9s blanca, cabello corto, de unos 45 a\u00f1os y de acento litorale\u00f1o.<\/p>\n\n\n\n<p>Una vez m\u00e1s el pasaje Uspallata vuelve a ser noticia por la delincuencia, y la particularidad en este momento, es que est\u00e1 a unas cuadras de donde se realizar\u00e1n los Corsos Color 2024.<\/p>\n\n\n\n<p>Tu Voz Or\u00e1n<\/p>\n","protected":false},"excerpt":{"rendered":"<p>Vecinos alertaron el fin de semana una nueva situaci\u00f3n delictiva con mucha violencia en el \u00faltimamente conflictivo y peligroso pasaje Uspallata del Barrio Patr\u00f3n Costas de Or\u00e1n. A trav\u00e9s de la denuncia se pudo conocer que 5 personas, armadas, ingresaron en la casa de un vecino que vive en el lugar y apuntaron, no solamente [&hellip;]<\/p>\n","protected":false},"author":2,"featured_media":16589,"comment_status":"open","ping_status":"open","sticky":false,"template":"","format":"standard","meta":{"tdm_status":"","tdm_grid_status":"","_joinchat":[],"footnotes":""},"categories":[63],"tags":[],"class_list":{"0":"post-70640","1":"post","2":"type-post","3":"status-publish","4":"format-standard","5":"has-post-thumbnail","7":"category-policiales"},"amp_enabled":true,"_links":{"self":[{"href":"https:\/\/www.todoeldia.com\/index.php\/wp-json\/wp\/v2\/posts\/70640","targetHints":{"allow":["GET"]}}],"collection":[{"href":"https:\/\/www.todoeldia.com\/index.php\/wp-json\/wp\/v2\/posts"}],"about":[{"href":"https:\/\/www.todoeldia.com\/index.php\/wp-json\/wp\/v2\/types\/post"}],"author":[{"embeddable":true,"href":"https:\/\/www.todoeldia.com\/index.php\/wp-json\/wp\/v2\/users\/2"}],"replies":[{"embeddable":true,"href":"https:\/\/www.todoeldia.com\/index.php\/wp-json\/wp\/v2\/comments?post=70640"}],"version-history":[{"count":2,"href":"https:\/\/www.todoeldia.com\/index.php\/wp-json\/wp\/v2\/posts\/70640\/revisions"}],"predecessor-version":[{"id":70642,"href":"https:\/\/www.todoeldia.com\/index.php\/wp-json\/wp\/v2\/posts\/70640\/revisions\/70642"}],"wp:featuredmedia":[{"embeddable":true,"href":"https:\/\/www.todoeldia.com\/index.php\/wp-json\/wp\/v2\/media\/16589"}],"wp:attachment":[{"href":"https:\/\/www.todoeldia.com\/index.php\/wp-json\/wp\/v2\/media?parent=70640"}],"wp:term":[{"taxonomy":"category","embeddable":true,"href":"https:\/\/www.todoeldia.com\/index.php\/wp-json\/wp\/v2\/categories?post=70640"},{"taxonomy":"post_tag","embeddable":true,"href":"https:\/\/www.todoeldia.com\/index.php\/wp-json\/wp\/v2\/tags?post=70640"}],"curies":[{"name":"wp","href":"https:\/\/api.w.org\/{rel}","templated":true}]}}