{"id":70659,"date":"2024-01-04T10:21:48","date_gmt":"2024-01-04T13:21:48","guid":{"rendered":"https:\/\/www.todoeldia.com\/?p=70659"},"modified":"2024-01-04T10:21:49","modified_gmt":"2024-01-04T13:21:49","slug":"al-final-la-estatua-de-guemes-no-fue-destruida-en-la-quebrada-de-la-orqueta-la-sacaron-para-preservarla","status":"publish","type":"post","link":"https:\/\/www.todoeldia.com\/index.php\/2024\/01\/04\/al-final-la-estatua-de-guemes-no-fue-destruida-en-la-quebrada-de-la-orqueta-la-sacaron-para-preservarla\/","title":{"rendered":"Al final la estatua de G\u00fcemes no fue destruida en la quebrada de La Orqueta: la sacaron para preservarla"},"content":{"rendered":"\n<p>La escultura que se encontraba en el monumento \u201cPaso a la inmortalidad del General Mart\u00edn Miguel de G\u00fcemes\u201d fue colocada en junio en la Quebrada de la Horqueta y debi\u00f3 ser retirada del lugar tras sufrir robos para ser preservada.<\/p>\n\n\n\n<p>La semana pasada, la estatua sufri\u00f3 distintos actos vand\u00e1licos, seg\u00fan confirm\u00f3 el secretario de Cultura de la Provincia, Diego Ashur M\u00e1s, a Nuevo Diario.<\/p>\n\n\n\n<p>\u201cDetectamos el faltante, el robo, de una mano y la cabeza de una de las esculturas del monumento. Por eso, se decidi\u00f3 desmontarlo y trasladarlo\u201d, indic\u00f3.<\/p>\n\n\n\n<p>La obra se encontraba en la Quebrada de la Horqueta, hist\u00f3rico lugar donde G\u00fcemes falleci\u00f3 luego de 10 d\u00edas de agon\u00eda un 17 de junio de 1821. La escultura fue creada por el artista Ricardo Serrudo y por el maestro fundidor en bronce Hugo Quispe, con el financiamiento del Ministerio de Cultura de la Naci\u00f3n en articulaci\u00f3n con el gobierno de la provincia de Salta, y hab\u00eda sido inaugurada en junio del 2023 con la presencia incluso del entonces ministro, Trist\u00e1n Bauer.<\/p>\n\n\n\n<p>Dicha obra era una reinterpretaci\u00f3n del reconocido cuadro \u201cLa Muerte de G\u00fcemes\u201d, de Antonio Alice, donde se exhiben los \u00faltimos momentos de la vida del h\u00e9roe gaucho salte\u00f1o, tendido en un catre, con el coronel Vidt de pie a su lado.<\/p>\n\n\n\n<p>Ante la situaci\u00f3n, Ashur M\u00e1s inform\u00f3 que el monumento volver\u00e1 a ser montado a futuro, pero ya no ser\u00e1 en la Quebrada de la Horqueta, sino en el Museo de la Vida Rural Salte\u00f1a, en Finca La Cruz, donde hay mayor seguridad para su preservaci\u00f3n y mantenimiento.<\/p>\n","protected":false},"excerpt":{"rendered":"<p>La escultura que se encontraba en el monumento \u201cPaso a la inmortalidad del General Mart\u00edn Miguel de G\u00fcemes\u201d fue colocada en junio en la Quebrada de la Horqueta y debi\u00f3 ser retirada del lugar tras sufrir robos para ser preservada. La semana pasada, la estatua sufri\u00f3 distintos actos vand\u00e1licos, seg\u00fan confirm\u00f3 el secretario de Cultura [&hellip;]<\/p>\n","protected":false},"author":2,"featured_media":70644,"comment_status":"open","ping_status":"open","sticky":false,"template":"","format":"standard","meta":{"tdm_status":"","tdm_grid_status":"","_joinchat":[],"footnotes":""},"categories":[73],"tags":[],"class_list":{"0":"post-70659","1":"post","2":"type-post","3":"status-publish","4":"format-standard","5":"has-post-thumbnail","7":"category-noticias-general"},"amp_enabled":true,"_links":{"self":[{"href":"https:\/\/www.todoeldia.com\/index.php\/wp-json\/wp\/v2\/posts\/70659","targetHints":{"allow":["GET"]}}],"collection":[{"href":"https:\/\/www.todoeldia.com\/index.php\/wp-json\/wp\/v2\/posts"}],"about":[{"href":"https:\/\/www.todoeldia.com\/index.php\/wp-json\/wp\/v2\/types\/post"}],"author":[{"embeddable":true,"href":"https:\/\/www.todoeldia.com\/index.php\/wp-json\/wp\/v2\/users\/2"}],"replies":[{"embeddable":true,"href":"https:\/\/www.todoeldia.com\/index.php\/wp-json\/wp\/v2\/comments?post=70659"}],"version-history":[{"count":1,"href":"https:\/\/www.todoeldia.com\/index.php\/wp-json\/wp\/v2\/posts\/70659\/revisions"}],"predecessor-version":[{"id":70660,"href":"https:\/\/www.todoeldia.com\/index.php\/wp-json\/wp\/v2\/posts\/70659\/revisions\/70660"}],"wp:featuredmedia":[{"embeddable":true,"href":"https:\/\/www.todoeldia.com\/index.php\/wp-json\/wp\/v2\/media\/70644"}],"wp:attachment":[{"href":"https:\/\/www.todoeldia.com\/index.php\/wp-json\/wp\/v2\/media?parent=70659"}],"wp:term":[{"taxonomy":"category","embeddable":true,"href":"https:\/\/www.todoeldia.com\/index.php\/wp-json\/wp\/v2\/categories?post=70659"},{"taxonomy":"post_tag","embeddable":true,"href":"https:\/\/www.todoeldia.com\/index.php\/wp-json\/wp\/v2\/tags?post=70659"}],"curies":[{"name":"wp","href":"https:\/\/api.w.org\/{rel}","templated":true}]}}