{"id":70675,"date":"2024-01-04T11:06:38","date_gmt":"2024-01-04T14:06:38","guid":{"rendered":"https:\/\/www.todoeldia.com\/?p=70675"},"modified":"2024-01-04T11:06:38","modified_gmt":"2024-01-04T14:06:38","slug":"detenido-tras-robar-en-un-taller-mecanico-de-oran","status":"publish","type":"post","link":"https:\/\/www.todoeldia.com\/index.php\/2024\/01\/04\/detenido-tras-robar-en-un-taller-mecanico-de-oran\/","title":{"rendered":"Detenido tras robar en un taller mec\u00e1nico de Or\u00e1n"},"content":{"rendered":"\n<p>Durante la madrugada de este mi\u00e9rcoles, tres personas rompieron el port\u00f3n de acceso a un taller mec\u00e1nico de Or\u00e1n y robaron diversas herramientas.<\/p>\n\n\n\n<p>Cuando intentaban huir, fueron sorprendidos por la Polic\u00eda, uno de ellos lesion\u00f3 en el rostro a un efectivo, caus\u00f3 da\u00f1os en el m\u00f3vil policial arrojando elementos contundentes y se logr\u00f3 recuperar parte de lo sustra\u00eddo.<\/p>\n\n\n\n<p>Un hombre de 32 a\u00f1os fue imputado como autor de los delitos de robo en poblado y en banda, atentado a la autoridad agravado, da\u00f1os calificados, lesiones leves agravadas por la investidura de la v\u00edctima en concurso real.<\/p>\n\n\n\n<p>Tras la audiencia de imputaci\u00f3n se solicit\u00f3 al Juzgado de Garant\u00edas en feria que el acusado permanezca detenido.<\/p>\n\n\n\n<p>Personal policial que fue advertido por los vecinos tom\u00f3 intervenci\u00f3n y cuando se dispon\u00edan a aprehender a los acusados, fueron agredidos con golpes y con elementos contundentes, resultando uno de los polic\u00edas lesionado en el rostro y el m\u00f3vil policial con da\u00f1os.<\/p>\n\n\n\n<p>Se logr\u00f3 demorar a uno de los sospechosos, quien opuso resistencia y se logr\u00f3 recuperar parte de lo sustra\u00eddo.<\/p>\n","protected":false},"excerpt":{"rendered":"<p>Durante la madrugada de este mi\u00e9rcoles, tres personas rompieron el port\u00f3n de acceso a un taller mec\u00e1nico de Or\u00e1n y robaron diversas herramientas. Cuando intentaban huir, fueron sorprendidos por la Polic\u00eda, uno de ellos lesion\u00f3 en el rostro a un efectivo, caus\u00f3 da\u00f1os en el m\u00f3vil policial arrojando elementos contundentes y se logr\u00f3 recuperar parte [&hellip;]<\/p>\n","protected":false},"author":2,"featured_media":70676,"comment_status":"open","ping_status":"open","sticky":false,"template":"","format":"standard","meta":{"tdm_status":"","tdm_grid_status":"","_joinchat":[],"footnotes":""},"categories":[63],"tags":[],"class_list":{"0":"post-70675","1":"post","2":"type-post","3":"status-publish","4":"format-standard","5":"has-post-thumbnail","7":"category-policiales"},"amp_enabled":true,"_links":{"self":[{"href":"https:\/\/www.todoeldia.com\/index.php\/wp-json\/wp\/v2\/posts\/70675","targetHints":{"allow":["GET"]}}],"collection":[{"href":"https:\/\/www.todoeldia.com\/index.php\/wp-json\/wp\/v2\/posts"}],"about":[{"href":"https:\/\/www.todoeldia.com\/index.php\/wp-json\/wp\/v2\/types\/post"}],"author":[{"embeddable":true,"href":"https:\/\/www.todoeldia.com\/index.php\/wp-json\/wp\/v2\/users\/2"}],"replies":[{"embeddable":true,"href":"https:\/\/www.todoeldia.com\/index.php\/wp-json\/wp\/v2\/comments?post=70675"}],"version-history":[{"count":1,"href":"https:\/\/www.todoeldia.com\/index.php\/wp-json\/wp\/v2\/posts\/70675\/revisions"}],"predecessor-version":[{"id":70677,"href":"https:\/\/www.todoeldia.com\/index.php\/wp-json\/wp\/v2\/posts\/70675\/revisions\/70677"}],"wp:featuredmedia":[{"embeddable":true,"href":"https:\/\/www.todoeldia.com\/index.php\/wp-json\/wp\/v2\/media\/70676"}],"wp:attachment":[{"href":"https:\/\/www.todoeldia.com\/index.php\/wp-json\/wp\/v2\/media?parent=70675"}],"wp:term":[{"taxonomy":"category","embeddable":true,"href":"https:\/\/www.todoeldia.com\/index.php\/wp-json\/wp\/v2\/categories?post=70675"},{"taxonomy":"post_tag","embeddable":true,"href":"https:\/\/www.todoeldia.com\/index.php\/wp-json\/wp\/v2\/tags?post=70675"}],"curies":[{"name":"wp","href":"https:\/\/api.w.org\/{rel}","templated":true}]}}