{"id":70681,"date":"2024-01-04T12:10:21","date_gmt":"2024-01-04T15:10:21","guid":{"rendered":"https:\/\/www.todoeldia.com\/?p=70681"},"modified":"2024-01-04T12:11:43","modified_gmt":"2024-01-04T15:11:43","slug":"narcotrafico-el-cadaver-acribillado-a-tiros-hallado-en-ojo-de-agua-pertenece-a-un-pasador-de-salta","status":"publish","type":"post","link":"https:\/\/www.todoeldia.com\/index.php\/2024\/01\/04\/narcotrafico-el-cadaver-acribillado-a-tiros-hallado-en-ojo-de-agua-pertenece-a-un-pasador-de-salta\/","title":{"rendered":"Narcotrafico: el cad\u00e1ver, acribillado a tiros, hallado en Ojo de Agua pertenece a un &#8220;pasador&#8221; de Salta"},"content":{"rendered":"\n<p>Tal como lo adelant\u00f3 EL LIBERAL en su sitio web, se trata de Nelson Gabriel Aramayo, de 33 a\u00f1os, oriundo de Or\u00e1n, Salta. Su cad\u00e1ver fue entregado a su madre durante la ma\u00f1ana de ayer tras ser sometido a autopsia.<\/p>\n\n\n\n<p>As\u00ed como lo hab\u00eda adelantado EL LIBERAL en la edici\u00f3n impresa de este mi\u00e9rcoles 3 de enero, familiares de la persona hallada muerta sobre la Ruta 9, llegaron a Santiago del Estero desde Salta y reconocieron el cuerpo.<\/p>\n\n\n\n<p>Seg\u00fan los investigadores, este habr\u00eda recibido una brutal tortura antes de ser ejecutado de cinco disparos en la cabeza.<\/p>\n\n\n\n<p>Cabe remarcar que por estado de descomposici\u00f3n en el que fue encontrado el cad\u00e1ver llevaba m\u00e1s de tres o cuatro d\u00edas sin vida.<\/p>\n\n\n\n<p>El fin del misterio sobre el cad\u00e1ver que pertenec\u00eda como NN tras ser hallado sobre la Ruta Nacional 9, entre las localidades de El 49 y Los Cerritos, se devel\u00f3 cuando una mujer lleg\u00f3 con su familia desde Salta y manifest\u00f3 que se trataba de su hijo.<\/p>\n\n\n\n<p>El cuerpo \u2014acribillado a tiros en la cabeza\u2014 apareci\u00f3 a unos 9 metros de la calzada el pasado 31 de diciembre en horas de la ma\u00f1ana, en avanzado estado de descomposici\u00f3n y con graves heridas de arma de fuego.<\/p>\n\n\n\n<p>All\u00ed fue cuando se estableci\u00f3 que el d\u00eda 22 de diciembre se hab\u00eda realizando una denuncia por la desaparici\u00f3n de un joven \u2014llamado Nesl\u00f3n Gabriel Aramayo, de 32 a\u00f1os, residente en Or\u00e1n\u2014 quien a\u00fan no hab\u00eda sido ubicado.<\/p>\n\n\n\n<p>En ese momento los ojos de los investigadores santiague\u00f1os se posaron en la provincia norte\u00f1a.<\/p>\n\n\n\n<p>Al entre cruzar caracter\u00edsticas f\u00edsicas sobre el cad\u00e1ver y las de la persona desaparecida se determin\u00f3 que hab\u00eda &#8220;demasiadas coincidencias&#8221;.<\/p>\n\n\n\n<p>As\u00ed fue que la madre de Nesl\u00f3n fue informada de la situaci\u00f3n. De inmediato junto a otros familiares la mujer lleg\u00f3 hasta la morgue provincial y all\u00ed reconoci\u00f3 que el cad\u00e1ver era de su hijo. Los tatuajes hallados en el cad\u00e1ver de la v\u00edctima fueron claves para identificarlo.<\/p>\n\n\n\n<p>Seg\u00fan revelaron fuentes de la causa consultadas indicaron que tras ser sometido a la autopsia, el cuerpo fue entregado a su madre para ser trasladado a la vecina provincia hasta donde tambi\u00e9n iba a partir al cierre de la presente edici\u00f3n una comitiva del Departamento de Homicidios y Delitos Complejos a cargo de la causa.<\/p>\n","protected":false},"excerpt":{"rendered":"<p>Tal como lo adelant\u00f3 EL LIBERAL en su sitio web, se trata de Nelson Gabriel Aramayo, de 33 a\u00f1os, oriundo de Or\u00e1n, Salta. Su cad\u00e1ver fue entregado a su madre durante la ma\u00f1ana de ayer tras ser sometido a autopsia. As\u00ed como lo hab\u00eda adelantado EL LIBERAL en la edici\u00f3n impresa de este mi\u00e9rcoles 3 [&hellip;]<\/p>\n","protected":false},"author":2,"featured_media":70682,"comment_status":"open","ping_status":"open","sticky":false,"template":"","format":"standard","meta":{"tdm_status":"","tdm_grid_status":"","_joinchat":[],"footnotes":""},"categories":[63],"tags":[],"class_list":{"0":"post-70681","1":"post","2":"type-post","3":"status-publish","4":"format-standard","5":"has-post-thumbnail","7":"category-policiales"},"amp_enabled":true,"_links":{"self":[{"href":"https:\/\/www.todoeldia.com\/index.php\/wp-json\/wp\/v2\/posts\/70681","targetHints":{"allow":["GET"]}}],"collection":[{"href":"https:\/\/www.todoeldia.com\/index.php\/wp-json\/wp\/v2\/posts"}],"about":[{"href":"https:\/\/www.todoeldia.com\/index.php\/wp-json\/wp\/v2\/types\/post"}],"author":[{"embeddable":true,"href":"https:\/\/www.todoeldia.com\/index.php\/wp-json\/wp\/v2\/users\/2"}],"replies":[{"embeddable":true,"href":"https:\/\/www.todoeldia.com\/index.php\/wp-json\/wp\/v2\/comments?post=70681"}],"version-history":[{"count":2,"href":"https:\/\/www.todoeldia.com\/index.php\/wp-json\/wp\/v2\/posts\/70681\/revisions"}],"predecessor-version":[{"id":70684,"href":"https:\/\/www.todoeldia.com\/index.php\/wp-json\/wp\/v2\/posts\/70681\/revisions\/70684"}],"wp:featuredmedia":[{"embeddable":true,"href":"https:\/\/www.todoeldia.com\/index.php\/wp-json\/wp\/v2\/media\/70682"}],"wp:attachment":[{"href":"https:\/\/www.todoeldia.com\/index.php\/wp-json\/wp\/v2\/media?parent=70681"}],"wp:term":[{"taxonomy":"category","embeddable":true,"href":"https:\/\/www.todoeldia.com\/index.php\/wp-json\/wp\/v2\/categories?post=70681"},{"taxonomy":"post_tag","embeddable":true,"href":"https:\/\/www.todoeldia.com\/index.php\/wp-json\/wp\/v2\/tags?post=70681"}],"curies":[{"name":"wp","href":"https:\/\/api.w.org\/{rel}","templated":true}]}}