{"id":70721,"date":"2024-01-05T10:26:08","date_gmt":"2024-01-05T13:26:08","guid":{"rendered":"https:\/\/www.todoeldia.com\/?p=70721"},"modified":"2024-01-05T10:28:37","modified_gmt":"2024-01-05T13:28:37","slug":"otro-detenido-en-corrientes-por-las-550-estafas-de-yomigt","status":"publish","type":"post","link":"https:\/\/www.todoeldia.com\/index.php\/2024\/01\/05\/otro-detenido-en-corrientes-por-las-550-estafas-de-yomigt\/","title":{"rendered":"Otro detenido en Corrientes por las 550 estafas de Yomigt en Salta"},"content":{"rendered":"\n<p>La fiscal penal especializada en Ciberdelincuencia en feria, Sof\u00eda Cornejo, inform\u00f3 la detenci\u00f3n de un hombre mayor de edad, realizada en las \u00faltimas horas en la provincia de Corrientes en el marco de la investigaci\u00f3n que lleva adelante en relaci\u00f3n a la baja de la plataforma conocida como Yomigt y que provoc\u00f3 un perjuicio econ\u00f3mico a los m\u00e1s de 550 denunciantes.<\/p>\n\n\n\n<p>La detenci\u00f3n se produjo con la destacada participaci\u00f3n de personal de la Unidad Especial de Investigaci\u00f3n del CIF, quienes realizaron numerosas tareas tendientes a dar con el paradero del investigado y al momento de su detenci\u00f3n, se secuestraron elementos inform\u00e1ticos de inter\u00e9s para la causa.<\/p>\n\n\n\n<p>Cumplidos los tr\u00e1mites de extradici\u00f3n ante el Juzgado de Garant\u00edas en feria del distrito Centro de Salta, el acusado ser\u00e1 trasladado a la ciudad de Salta en las pr\u00f3ximas horas y ser\u00e1 imputado.<\/p>\n\n\n\n<p>Cabe recordar que otras seis personas fueron imputadas como coautores del delito de asociaci\u00f3n il\u00edcita y como part\u00edcipes necesarios del delito de estafa (pluralidad de hechos).<\/p>\n","protected":false},"excerpt":{"rendered":"<p>La fiscal penal especializada en Ciberdelincuencia en feria, Sof\u00eda Cornejo, inform\u00f3 la detenci\u00f3n de un hombre mayor de edad, realizada en las \u00faltimas horas en la provincia de Corrientes en el marco de la investigaci\u00f3n que lleva adelante en relaci\u00f3n a la baja de la plataforma conocida como Yomigt y que provoc\u00f3 un perjuicio econ\u00f3mico [&hellip;]<\/p>\n","protected":false},"author":2,"featured_media":68833,"comment_status":"open","ping_status":"open","sticky":false,"template":"","format":"standard","meta":{"tdm_status":"","tdm_grid_status":"","_joinchat":[],"footnotes":""},"categories":[63],"tags":[],"class_list":{"0":"post-70721","1":"post","2":"type-post","3":"status-publish","4":"format-standard","5":"has-post-thumbnail","7":"category-policiales"},"amp_enabled":true,"_links":{"self":[{"href":"https:\/\/www.todoeldia.com\/index.php\/wp-json\/wp\/v2\/posts\/70721","targetHints":{"allow":["GET"]}}],"collection":[{"href":"https:\/\/www.todoeldia.com\/index.php\/wp-json\/wp\/v2\/posts"}],"about":[{"href":"https:\/\/www.todoeldia.com\/index.php\/wp-json\/wp\/v2\/types\/post"}],"author":[{"embeddable":true,"href":"https:\/\/www.todoeldia.com\/index.php\/wp-json\/wp\/v2\/users\/2"}],"replies":[{"embeddable":true,"href":"https:\/\/www.todoeldia.com\/index.php\/wp-json\/wp\/v2\/comments?post=70721"}],"version-history":[{"count":2,"href":"https:\/\/www.todoeldia.com\/index.php\/wp-json\/wp\/v2\/posts\/70721\/revisions"}],"predecessor-version":[{"id":70723,"href":"https:\/\/www.todoeldia.com\/index.php\/wp-json\/wp\/v2\/posts\/70721\/revisions\/70723"}],"wp:featuredmedia":[{"embeddable":true,"href":"https:\/\/www.todoeldia.com\/index.php\/wp-json\/wp\/v2\/media\/68833"}],"wp:attachment":[{"href":"https:\/\/www.todoeldia.com\/index.php\/wp-json\/wp\/v2\/media?parent=70721"}],"wp:term":[{"taxonomy":"category","embeddable":true,"href":"https:\/\/www.todoeldia.com\/index.php\/wp-json\/wp\/v2\/categories?post=70721"},{"taxonomy":"post_tag","embeddable":true,"href":"https:\/\/www.todoeldia.com\/index.php\/wp-json\/wp\/v2\/tags?post=70721"}],"curies":[{"name":"wp","href":"https:\/\/api.w.org\/{rel}","templated":true}]}}