{"id":70724,"date":"2024-01-05T11:12:18","date_gmt":"2024-01-05T14:12:18","guid":{"rendered":"https:\/\/www.todoeldia.com\/?p=70724"},"modified":"2024-01-05T11:12:18","modified_gmt":"2024-01-05T14:12:18","slug":"el-gobierno-de-saenz-afronta-el-primer-paro-de-empleados-publicos-del-ano","status":"publish","type":"post","link":"https:\/\/www.todoeldia.com\/index.php\/2024\/01\/05\/el-gobierno-de-saenz-afronta-el-primer-paro-de-empleados-publicos-del-ano\/","title":{"rendered":"El gobierno de S\u00e1enz afronta el primer paro de empleados p\u00fablicos del a\u00f1o"},"content":{"rendered":"\n<p>Sindicatos nucleados en el Frente Gremial Estatal enviaron una notificaci\u00f3n al secretario de Trabajo de la Provincia, Alfredo Amado Batule, informando que realizar\u00e1n un paro total de actividades por 48 horas para los d\u00edas jueves 11 y viernes 12 de enero.<\/p>\n\n\n\n<p>\u201cAnte la falta de sensibilidad del gobierno provincial, frente a la crisis socioecon\u00f3mica grave que vive cada uno de los trabajadores del municipio, provincia y la Naci\u00f3n Argentina; planteamos la ausencia total de paritarias Noviembre y Diciembre 2023, a pesar de los compromisos expresados por cada uno de los funcionarios, que empe\u00f1aron o dieron su palabra y que no fueron evidentemente responsables, sinceras y racionales\u201d, expresaron en la nota enviada.<\/p>\n\n\n\n<p>El Frente Gremial Estatal de Salta est\u00e1 conformado por Uni\u00f3n Personal Civil de la Naci\u00f3n (UPCN), Asociaci\u00f3n del Magisterio de Ense\u00f1anza T\u00e9cnica (AMET), Uni\u00f3n de Docentes Argentinos (UDA), Asociaci\u00f3n de Trabajadores del Estado (ATE); Agremiaci\u00f3n Judicial; Sindicato Argentino de Docentes (SADOP), la Confederaci\u00f3n General de Trabajadores (CGT), la Central de Trabajadores Argentinos Aut\u00f3noma, la Asociaci\u00f3n de Trabajadores de la Salud (ATSA), Sindicato de Trabajadores Viales de la Provincia de Salta (SITRAVPS), Uni\u00f3n del Personal de Enfermer\u00eda (UPES) y Asociaci\u00f3n de Profesionales de la Salud de Salta (APSADES).<\/p>\n\n\n\n<p>Los gremios informaron que la \u00faltima reuni\u00f3n que mantuvieron con el gobierno fue el 27 de diciembre, donde no hubo ninguna propuesta de actualizaci\u00f3n salarial sobre la mesa.<\/p>\n\n\n\n<p>Previamente, el Frente Gremial se hab\u00eda reunido el 1 de diciembre donde se hab\u00eda acordado una reuni\u00f3n entre el 10 y el 15, que tampoco se llev\u00f3 a cabo.<\/p>\n\n\n\n<p>La medida de fuerza provincial no reemplazar\u00e1 el paro nacional decretado por la CGT para el 24 de enero, donde tambi\u00e9n participaran activamente los gremios provinciales.<\/p>\n","protected":false},"excerpt":{"rendered":"<p>Sindicatos nucleados en el Frente Gremial Estatal enviaron una notificaci\u00f3n al secretario de Trabajo de la Provincia, Alfredo Amado Batule, informando que realizar\u00e1n un paro total de actividades por 48 horas para los d\u00edas jueves 11 y viernes 12 de enero. \u201cAnte la falta de sensibilidad del gobierno provincial, frente a la crisis socioecon\u00f3mica grave [&hellip;]<\/p>\n","protected":false},"author":2,"featured_media":70725,"comment_status":"open","ping_status":"open","sticky":false,"template":"","format":"standard","meta":{"tdm_status":"","tdm_grid_status":"","_joinchat":[],"footnotes":""},"categories":[59],"tags":[],"class_list":{"0":"post-70724","1":"post","2":"type-post","3":"status-publish","4":"format-standard","5":"has-post-thumbnail","7":"category-politica"},"amp_enabled":true,"_links":{"self":[{"href":"https:\/\/www.todoeldia.com\/index.php\/wp-json\/wp\/v2\/posts\/70724","targetHints":{"allow":["GET"]}}],"collection":[{"href":"https:\/\/www.todoeldia.com\/index.php\/wp-json\/wp\/v2\/posts"}],"about":[{"href":"https:\/\/www.todoeldia.com\/index.php\/wp-json\/wp\/v2\/types\/post"}],"author":[{"embeddable":true,"href":"https:\/\/www.todoeldia.com\/index.php\/wp-json\/wp\/v2\/users\/2"}],"replies":[{"embeddable":true,"href":"https:\/\/www.todoeldia.com\/index.php\/wp-json\/wp\/v2\/comments?post=70724"}],"version-history":[{"count":1,"href":"https:\/\/www.todoeldia.com\/index.php\/wp-json\/wp\/v2\/posts\/70724\/revisions"}],"predecessor-version":[{"id":70726,"href":"https:\/\/www.todoeldia.com\/index.php\/wp-json\/wp\/v2\/posts\/70724\/revisions\/70726"}],"wp:featuredmedia":[{"embeddable":true,"href":"https:\/\/www.todoeldia.com\/index.php\/wp-json\/wp\/v2\/media\/70725"}],"wp:attachment":[{"href":"https:\/\/www.todoeldia.com\/index.php\/wp-json\/wp\/v2\/media?parent=70724"}],"wp:term":[{"taxonomy":"category","embeddable":true,"href":"https:\/\/www.todoeldia.com\/index.php\/wp-json\/wp\/v2\/categories?post=70724"},{"taxonomy":"post_tag","embeddable":true,"href":"https:\/\/www.todoeldia.com\/index.php\/wp-json\/wp\/v2\/tags?post=70724"}],"curies":[{"name":"wp","href":"https:\/\/api.w.org\/{rel}","templated":true}]}}