{"id":70727,"date":"2024-01-05T11:29:17","date_gmt":"2024-01-05T14:29:17","guid":{"rendered":"https:\/\/www.todoeldia.com\/?p=70727"},"modified":"2024-01-05T11:29:18","modified_gmt":"2024-01-05T14:29:18","slug":"insolito-llevo-a-un-caballo-dentro-de-su-renault-19-mientras-circulaba-en-una-ruta-de-cordoba","status":"publish","type":"post","link":"https:\/\/www.todoeldia.com\/index.php\/2024\/01\/05\/insolito-llevo-a-un-caballo-dentro-de-su-renault-19-mientras-circulaba-en-una-ruta-de-cordoba\/","title":{"rendered":"Ins\u00f3lito: llev\u00f3 a un caballo dentro de su Renault 19 mientras circulaba en una ruta de C\u00f3rdoba"},"content":{"rendered":"\n<p>La imprudente acci\u00f3n se hizo viral en las redes sociales. El video del hecho.<\/p>\n\n\n\n<p>Un conductor llev\u00f3 a su caballo dentro de su auto Renault 19 mientras circulaba por las rutas de C\u00f3rdoba, en lo que represent\u00f3 una acci\u00f3n imprudente al volante.<\/p>\n\n\n\n<p>El ins\u00f3lito momento qued\u00f3 registrado en un video proveniente del celular de un integrante de otro veh\u00edculo, que lo grab\u00f3 el 1 de enero pasado.<\/p>\n\n\n\n<p><\/p>\n\n\n\n<figure class=\"wp-block-video\"><video height=\"540\" style=\"aspect-ratio: 320 \/ 540;\" width=\"320\" controls src=\"https:\/\/www.todoeldia.com\/wp-content\/uploads\/2024\/01\/caballo-en-auto.mp4\"><\/video><\/figure>\n\n\n\n<p>Las im\u00e1genes, que se volvieron virales en las \u00faltimas horas, muestran a Renault 19 marchado y dentro de \u00e9l un caballo, que sacaba la cabeza por la ventanilla.<\/p>\n\n\n\n<p>El hecho sucedi\u00f3 en la ruta provincial 17, en las cercan\u00edas de la localidad Marull, que se encuentra a 170 kil\u00f3metros de C\u00f3rdoba.<\/p>\n\n\n\n<p>&#8220;Esto es C\u00f3rdoba, se\u00f1ores. Se ve de todo un poco, cosas raras y no tan raras, pero la verdad es que nunca hab\u00eda visto un caballo arriba de un 19&#8221;, se escucha decir en el video viral.<\/p>\n","protected":false},"excerpt":{"rendered":"<p>La imprudente acci\u00f3n se hizo viral en las redes sociales. El video del hecho. Un conductor llev\u00f3 a su caballo dentro de su auto Renault 19 mientras circulaba por las rutas de C\u00f3rdoba, en lo que represent\u00f3 una acci\u00f3n imprudente al volante. El ins\u00f3lito momento qued\u00f3 registrado en un video proveniente del celular de un [&hellip;]<\/p>\n","protected":false},"author":2,"featured_media":70729,"comment_status":"open","ping_status":"open","sticky":false,"template":"","format":"standard","meta":{"tdm_status":"","tdm_grid_status":"","_joinchat":[],"footnotes":""},"categories":[73],"tags":[],"class_list":{"0":"post-70727","1":"post","2":"type-post","3":"status-publish","4":"format-standard","5":"has-post-thumbnail","7":"category-noticias-general"},"amp_enabled":true,"_links":{"self":[{"href":"https:\/\/www.todoeldia.com\/index.php\/wp-json\/wp\/v2\/posts\/70727","targetHints":{"allow":["GET"]}}],"collection":[{"href":"https:\/\/www.todoeldia.com\/index.php\/wp-json\/wp\/v2\/posts"}],"about":[{"href":"https:\/\/www.todoeldia.com\/index.php\/wp-json\/wp\/v2\/types\/post"}],"author":[{"embeddable":true,"href":"https:\/\/www.todoeldia.com\/index.php\/wp-json\/wp\/v2\/users\/2"}],"replies":[{"embeddable":true,"href":"https:\/\/www.todoeldia.com\/index.php\/wp-json\/wp\/v2\/comments?post=70727"}],"version-history":[{"count":1,"href":"https:\/\/www.todoeldia.com\/index.php\/wp-json\/wp\/v2\/posts\/70727\/revisions"}],"predecessor-version":[{"id":70730,"href":"https:\/\/www.todoeldia.com\/index.php\/wp-json\/wp\/v2\/posts\/70727\/revisions\/70730"}],"wp:featuredmedia":[{"embeddable":true,"href":"https:\/\/www.todoeldia.com\/index.php\/wp-json\/wp\/v2\/media\/70729"}],"wp:attachment":[{"href":"https:\/\/www.todoeldia.com\/index.php\/wp-json\/wp\/v2\/media?parent=70727"}],"wp:term":[{"taxonomy":"category","embeddable":true,"href":"https:\/\/www.todoeldia.com\/index.php\/wp-json\/wp\/v2\/categories?post=70727"},{"taxonomy":"post_tag","embeddable":true,"href":"https:\/\/www.todoeldia.com\/index.php\/wp-json\/wp\/v2\/tags?post=70727"}],"curies":[{"name":"wp","href":"https:\/\/api.w.org\/{rel}","templated":true}]}}