{"id":70738,"date":"2024-01-05T12:34:54","date_gmt":"2024-01-05T15:34:54","guid":{"rendered":"https:\/\/www.todoeldia.com\/?p=70738"},"modified":"2024-01-05T12:34:55","modified_gmt":"2024-01-05T15:34:55","slug":"kevin-y-luciano-benavides-quedaron-entre-los-diez-primeros-en-la-nueva-edicion-del-dakar","status":"publish","type":"post","link":"https:\/\/www.todoeldia.com\/index.php\/2024\/01\/05\/kevin-y-luciano-benavides-quedaron-entre-los-diez-primeros-en-la-nueva-edicion-del-dakar\/","title":{"rendered":"Kevin y Luciano Benavides quedaron entre los diez primeros en la nueva edici\u00f3n del Dakar"},"content":{"rendered":"\n<p>Uno por uno, la actuaci\u00f3n que tuvieron nuestros representantes en el primer d\u00eda de competencia.<\/p>\n\n\n\n<p>En la categor\u00eda motos, los hermanos salte\u00f1os Kevin y Luciano Benavides quedaron entre los diez primeros de la clasificaci\u00f3n a menos de un minuto del ganador del pr\u00f3logo, el espa\u00f1ol Tosha Schareina (Monster Energy Honda), quien marc\u00f3 el ritmo con un tiempo de 17m.35s.<\/p>\n\n\n\n<p>Luciano, con su Husqvarna del equipo oficial, se situ\u00f3 en la quinta posici\u00f3n detr\u00e1s del australiano Daniel Sanders (Red Bull GasGas), segundo;Ross Branch (Hero Motorsports), tercero, y el franc\u00e9s Adrien Van Beveren (Monster Energy Honda), cuarto. M\u00e1s atr\u00e1s, en el noveno lugar, a 56 segundos, ingres\u00f3 Kevin\u00a0 (Red Bull KTM), campe\u00f3n defensor. En el 30\u00b0 lugar qued\u00f3 el riojano Diego Llanos (KTM), +21:15; 88\u00b0 el neuquino Juan Rostan (GasGas), +28:00 y 100\u00b0 Sebasti\u00e1n Urqu\u00eda (KTM), +30:09.<\/p>\n\n\n\n<figure class=\"wp-block-image size-full is-resized\"><img loading=\"lazy\" decoding=\"async\" width=\"768\" height=\"432\" src=\"https:\/\/www.todoeldia.com\/wp-content\/uploads\/2024\/01\/image-22.png\" alt=\"\" class=\"wp-image-70741\" style=\"width:1035px;height:auto\" srcset=\"https:\/\/www.todoeldia.com\/wp-content\/uploads\/2024\/01\/image-22.png 768w, https:\/\/www.todoeldia.com\/wp-content\/uploads\/2024\/01\/image-22-300x169.png 300w, https:\/\/www.todoeldia.com\/wp-content\/uploads\/2024\/01\/image-22-696x392.png 696w, https:\/\/www.todoeldia.com\/wp-content\/uploads\/2024\/01\/image-22-747x420.png 747w\" sizes=\"auto, (max-width: 768px) 100vw, 768px\" \/><\/figure>\n\n\n\n<p><strong>Los hermanos Benavides.<\/strong><\/p>\n\n\n\n<p>Se puso en marcha una nueva edici\u00f3n del Rally Dakar en Arabia Saudita y los pilotos argentinos presentes pudieron descargar tensiones luego de tanta espera con un pr\u00f3logo de 27 kil\u00f3metros cronometrados, con 130 de enlace, en la localidad de Al-Ula, situada a unos 1.000 km. de la capital Riad.<\/p>\n\n\n\n<p>Los m\u00e1s destacados del d\u00eda fueron Francisco Moreno Flores y Manuel And\u00fajar, ambos a bordo de un Yamaha Raptor 700, quienes encabezaron los tiempos en la categor\u00eda quads. El mendocino aventaj\u00f3 por 28 segundos al campe\u00f3n 2021 y dejaron en claro que buscar\u00e1n quedarse con esta competencia.<\/p>\n\n\n\n<figure class=\"wp-block-image size-full is-resized\"><img loading=\"lazy\" decoding=\"async\" width=\"768\" height=\"768\" src=\"https:\/\/www.todoeldia.com\/wp-content\/uploads\/2024\/01\/image-21.png\" alt=\"\" class=\"wp-image-70740\" style=\"width:1035px;height:auto\" srcset=\"https:\/\/www.todoeldia.com\/wp-content\/uploads\/2024\/01\/image-21.png 768w, https:\/\/www.todoeldia.com\/wp-content\/uploads\/2024\/01\/image-21-300x300.png 300w, https:\/\/www.todoeldia.com\/wp-content\/uploads\/2024\/01\/image-21-150x150.png 150w, https:\/\/www.todoeldia.com\/wp-content\/uploads\/2024\/01\/image-21-696x696.png 696w, https:\/\/www.todoeldia.com\/wp-content\/uploads\/2024\/01\/image-21-420x420.png 420w\" sizes=\"auto, (max-width: 768px) 100vw, 768px\" \/><\/figure>\n\n\n\n<p><strong>Francisco Moreno.<\/strong><\/p>\n\n\n\n<p>Entre los autos, Juan Cruz Yacopini (Toyota) qued\u00f3 38\u00b0 en la categor\u00eda ultimate (la m\u00e1s importante). En Challenger, Nicol\u00e1s Cavigliaso, navegado por Valentina Pertegarini, culmin\u00f3 en el cuarto lugar, David Sille y Sebasti\u00e1n Cesana quedaron s\u00e9ptimos, mientras que Augusto Sanz, en la butaca derecha de Ricardo Porem, est\u00e1n und\u00e9cimos.<\/p>\n\n\n\n<p>Por \u00faltimo, Gast\u00f3n Mattarucco (Javier V\u00e9lez) est\u00e1 41\u00b0. En SSV Facundo Jat\u00f3n, guiando a Enrico G\u00e1spari culminaron en el s\u00e9ptimo lugar, Fernando Acosta (Sebasti\u00e1n Guayasam\u00edn) se situ\u00f3 13\u00b0 y Ricardo Torlaschi, acompa\u00f1ando a la Christine GZ fueron 18\u00b0 a bordo del prototipo del TC Racing. En Classic Jorge P\u00e9rez Companc y Jos\u00e9 Mar\u00eda Volta est\u00e1n 26\u00b0.<\/p>\n","protected":false},"excerpt":{"rendered":"<p>Uno por uno, la actuaci\u00f3n que tuvieron nuestros representantes en el primer d\u00eda de competencia. En la categor\u00eda motos, los hermanos salte\u00f1os Kevin y Luciano Benavides quedaron entre los diez primeros de la clasificaci\u00f3n a menos de un minuto del ganador del pr\u00f3logo, el espa\u00f1ol Tosha Schareina (Monster Energy Honda), quien marc\u00f3 el ritmo con [&hellip;]<\/p>\n","protected":false},"author":2,"featured_media":70739,"comment_status":"open","ping_status":"open","sticky":false,"template":"","format":"standard","meta":{"tdm_status":"","tdm_grid_status":"","_joinchat":[],"footnotes":""},"categories":[62],"tags":[],"class_list":{"0":"post-70738","1":"post","2":"type-post","3":"status-publish","4":"format-standard","5":"has-post-thumbnail","7":"category-deportes"},"amp_enabled":true,"_links":{"self":[{"href":"https:\/\/www.todoeldia.com\/index.php\/wp-json\/wp\/v2\/posts\/70738","targetHints":{"allow":["GET"]}}],"collection":[{"href":"https:\/\/www.todoeldia.com\/index.php\/wp-json\/wp\/v2\/posts"}],"about":[{"href":"https:\/\/www.todoeldia.com\/index.php\/wp-json\/wp\/v2\/types\/post"}],"author":[{"embeddable":true,"href":"https:\/\/www.todoeldia.com\/index.php\/wp-json\/wp\/v2\/users\/2"}],"replies":[{"embeddable":true,"href":"https:\/\/www.todoeldia.com\/index.php\/wp-json\/wp\/v2\/comments?post=70738"}],"version-history":[{"count":1,"href":"https:\/\/www.todoeldia.com\/index.php\/wp-json\/wp\/v2\/posts\/70738\/revisions"}],"predecessor-version":[{"id":70742,"href":"https:\/\/www.todoeldia.com\/index.php\/wp-json\/wp\/v2\/posts\/70738\/revisions\/70742"}],"wp:featuredmedia":[{"embeddable":true,"href":"https:\/\/www.todoeldia.com\/index.php\/wp-json\/wp\/v2\/media\/70739"}],"wp:attachment":[{"href":"https:\/\/www.todoeldia.com\/index.php\/wp-json\/wp\/v2\/media?parent=70738"}],"wp:term":[{"taxonomy":"category","embeddable":true,"href":"https:\/\/www.todoeldia.com\/index.php\/wp-json\/wp\/v2\/categories?post=70738"},{"taxonomy":"post_tag","embeddable":true,"href":"https:\/\/www.todoeldia.com\/index.php\/wp-json\/wp\/v2\/tags?post=70738"}],"curies":[{"name":"wp","href":"https:\/\/api.w.org\/{rel}","templated":true}]}}