{"id":70746,"date":"2024-01-05T12:47:41","date_gmt":"2024-01-05T15:47:41","guid":{"rendered":"https:\/\/www.todoeldia.com\/?p=70746"},"modified":"2024-01-05T12:47:41","modified_gmt":"2024-01-05T15:47:41","slug":"motochorro-detenido-en-oran-tras-cometer-dos-ilicitos-contra-mujeres","status":"publish","type":"post","link":"https:\/\/www.todoeldia.com\/index.php\/2024\/01\/05\/motochorro-detenido-en-oran-tras-cometer-dos-ilicitos-contra-mujeres\/","title":{"rendered":"Motochorro detenido en Or\u00e1n tras cometer dos il\u00edcitos contra mujeres"},"content":{"rendered":"\n<p>Los hechos ocurrieron el pasado 31 de diciembre, cuando el acusado junto a otra persona que logr\u00f3 huir, asaltaron a dos mujeres bajo la modalidad motochorros. Se logr\u00f3 recuperar el tel\u00e9fono celular de una de las damnificadas.<\/p>\n\n\n\n<p>La fiscal penal Mariana Torres, interina en la Fiscal\u00eda Penal 3 de Or\u00e1n en feria, imput\u00f3 de forma provisional a Leonel Jerem\u00edas Arepia como autor del delito de robo calificado por el uso de arma (dos hechos).<\/p>\n\n\n\n<p>Los hechos ocurrieron el pasado 31 de diciembre en esa ciudad, cuando junto a otra persona y a bordo de una motocicleta, interceptaron en la v\u00eda p\u00fablica a dos mujeres y usando armas, le arrebataron a una de ellas una cartera para luego huir y en forma posterior le arrebataron el celular a la otra damnificada.<\/p>\n\n\n\n<p>Uno de los sospechosos logr\u00f3 huir y el acusado, al ser detenido, ten\u00eda entre sus pertenencias un cuchillo y el celular de una de las mujeres.<\/p>\n\n\n\n<p>Tras la audiencia de imputaci\u00f3n, desde la Fiscal\u00eda se solicit\u00f3 al Juzgado de Garant\u00edas en feria que se mantenga detenido.<\/p>\n","protected":false},"excerpt":{"rendered":"<p>Los hechos ocurrieron el pasado 31 de diciembre, cuando el acusado junto a otra persona que logr\u00f3 huir, asaltaron a dos mujeres bajo la modalidad motochorros. Se logr\u00f3 recuperar el tel\u00e9fono celular de una de las damnificadas. La fiscal penal Mariana Torres, interina en la Fiscal\u00eda Penal 3 de Or\u00e1n en feria, imput\u00f3 de forma [&hellip;]<\/p>\n","protected":false},"author":2,"featured_media":63151,"comment_status":"open","ping_status":"open","sticky":false,"template":"","format":"standard","meta":{"tdm_status":"","tdm_grid_status":"","_joinchat":[],"footnotes":""},"categories":[63],"tags":[],"class_list":{"0":"post-70746","1":"post","2":"type-post","3":"status-publish","4":"format-standard","5":"has-post-thumbnail","7":"category-policiales"},"amp_enabled":true,"_links":{"self":[{"href":"https:\/\/www.todoeldia.com\/index.php\/wp-json\/wp\/v2\/posts\/70746","targetHints":{"allow":["GET"]}}],"collection":[{"href":"https:\/\/www.todoeldia.com\/index.php\/wp-json\/wp\/v2\/posts"}],"about":[{"href":"https:\/\/www.todoeldia.com\/index.php\/wp-json\/wp\/v2\/types\/post"}],"author":[{"embeddable":true,"href":"https:\/\/www.todoeldia.com\/index.php\/wp-json\/wp\/v2\/users\/2"}],"replies":[{"embeddable":true,"href":"https:\/\/www.todoeldia.com\/index.php\/wp-json\/wp\/v2\/comments?post=70746"}],"version-history":[{"count":1,"href":"https:\/\/www.todoeldia.com\/index.php\/wp-json\/wp\/v2\/posts\/70746\/revisions"}],"predecessor-version":[{"id":70747,"href":"https:\/\/www.todoeldia.com\/index.php\/wp-json\/wp\/v2\/posts\/70746\/revisions\/70747"}],"wp:featuredmedia":[{"embeddable":true,"href":"https:\/\/www.todoeldia.com\/index.php\/wp-json\/wp\/v2\/media\/63151"}],"wp:attachment":[{"href":"https:\/\/www.todoeldia.com\/index.php\/wp-json\/wp\/v2\/media?parent=70746"}],"wp:term":[{"taxonomy":"category","embeddable":true,"href":"https:\/\/www.todoeldia.com\/index.php\/wp-json\/wp\/v2\/categories?post=70746"},{"taxonomy":"post_tag","embeddable":true,"href":"https:\/\/www.todoeldia.com\/index.php\/wp-json\/wp\/v2\/tags?post=70746"}],"curies":[{"name":"wp","href":"https:\/\/api.w.org\/{rel}","templated":true}]}}