{"id":70748,"date":"2024-01-05T12:51:26","date_gmt":"2024-01-05T15:51:26","guid":{"rendered":"https:\/\/www.todoeldia.com\/?p=70748"},"modified":"2024-01-05T12:51:26","modified_gmt":"2024-01-05T15:51:26","slug":"1-detenido-por-acuchillar-en-el-cuello-a-un-hombre-en-barrio-la-union","status":"publish","type":"post","link":"https:\/\/www.todoeldia.com\/index.php\/2024\/01\/05\/1-detenido-por-acuchillar-en-el-cuello-a-un-hombre-en-barrio-la-union\/","title":{"rendered":"1 detenido por acuchillar en el cuello a un hombre en Barrio La Uni\u00f3n"},"content":{"rendered":"\n<p>El hecho ocurri\u00f3 el pasado 1 de enero en la zona norte de la ciudad de Salta, cuando por motivos que se investigan, el acusado habr\u00eda lesionado con un arma blanca a un hombre en la zona del cuello.<\/p>\n\n\n\n<p>El fiscal penal Santiago L\u00f3pez Soto, interino en la Fiscal\u00eda Penal 1 en feria, imput\u00f3 de forma provisional a un hombre de 18 a\u00f1os como autor del delito de lesiones leves en perjuicio de un hombre de 25 a\u00f1os.<\/p>\n\n\n\n<p>El pasado 1 de enero, cerca del mediod\u00eda, un hombre de 25 a\u00f1os fue lesionado con un cuchillo tipo sierrita en la zona del cuello por otro hombre que luego se retir\u00f3 del lugar.<\/p>\n\n\n\n<p>Los vecinos asistieron al lesionado y lo trasladaron al centro de salud de barrio Casta\u00f1ares, desde donde fue derivado al hospital San Bernardo.<\/p>\n\n\n\n<p>El sospechoso fue detenido con posterioridad y tras la audiencia de imputaci\u00f3n, desde la Fiscal\u00eda se solicit\u00f3 que permanezca privado de su libertad.<\/p>\n","protected":false},"excerpt":{"rendered":"<p>El hecho ocurri\u00f3 el pasado 1 de enero en la zona norte de la ciudad de Salta, cuando por motivos que se investigan, el acusado habr\u00eda lesionado con un arma blanca a un hombre en la zona del cuello. El fiscal penal Santiago L\u00f3pez Soto, interino en la Fiscal\u00eda Penal 1 en feria, imput\u00f3 de [&hellip;]<\/p>\n","protected":false},"author":2,"featured_media":44907,"comment_status":"open","ping_status":"open","sticky":false,"template":"","format":"standard","meta":{"tdm_status":"","tdm_grid_status":"","_joinchat":[],"footnotes":""},"categories":[63],"tags":[],"class_list":{"0":"post-70748","1":"post","2":"type-post","3":"status-publish","4":"format-standard","5":"has-post-thumbnail","7":"category-policiales"},"amp_enabled":true,"_links":{"self":[{"href":"https:\/\/www.todoeldia.com\/index.php\/wp-json\/wp\/v2\/posts\/70748","targetHints":{"allow":["GET"]}}],"collection":[{"href":"https:\/\/www.todoeldia.com\/index.php\/wp-json\/wp\/v2\/posts"}],"about":[{"href":"https:\/\/www.todoeldia.com\/index.php\/wp-json\/wp\/v2\/types\/post"}],"author":[{"embeddable":true,"href":"https:\/\/www.todoeldia.com\/index.php\/wp-json\/wp\/v2\/users\/2"}],"replies":[{"embeddable":true,"href":"https:\/\/www.todoeldia.com\/index.php\/wp-json\/wp\/v2\/comments?post=70748"}],"version-history":[{"count":1,"href":"https:\/\/www.todoeldia.com\/index.php\/wp-json\/wp\/v2\/posts\/70748\/revisions"}],"predecessor-version":[{"id":70749,"href":"https:\/\/www.todoeldia.com\/index.php\/wp-json\/wp\/v2\/posts\/70748\/revisions\/70749"}],"wp:featuredmedia":[{"embeddable":true,"href":"https:\/\/www.todoeldia.com\/index.php\/wp-json\/wp\/v2\/media\/44907"}],"wp:attachment":[{"href":"https:\/\/www.todoeldia.com\/index.php\/wp-json\/wp\/v2\/media?parent=70748"}],"wp:term":[{"taxonomy":"category","embeddable":true,"href":"https:\/\/www.todoeldia.com\/index.php\/wp-json\/wp\/v2\/categories?post=70748"},{"taxonomy":"post_tag","embeddable":true,"href":"https:\/\/www.todoeldia.com\/index.php\/wp-json\/wp\/v2\/tags?post=70748"}],"curies":[{"name":"wp","href":"https:\/\/api.w.org\/{rel}","templated":true}]}}