{"id":70756,"date":"2024-01-05T22:19:01","date_gmt":"2024-01-06T01:19:01","guid":{"rendered":"https:\/\/www.todoeldia.com\/?p=70756"},"modified":"2024-01-05T22:23:25","modified_gmt":"2024-01-06T01:23:25","slug":"murio-un-motociclista-al-chocar-con-una-camioneta-en-el-galpon","status":"publish","type":"post","link":"https:\/\/www.todoeldia.com\/index.php\/2024\/01\/05\/murio-un-motociclista-al-chocar-con-una-camioneta-en-el-galpon\/","title":{"rendered":"Muri\u00f3 un motociclista al chocar con una camioneta en El Galp\u00f3n"},"content":{"rendered":"\n<p>Esta ma\u00f1ana, efectivos dependientes de la Direcci\u00f3n de Unidad Regional N\u00b0 3 y Peritos en Criminal\u00edstica trabajaron en torno a un siniestro vial en el que un motociclista perdi\u00f3 la vida producto de las lesiones sufridas.<\/p>\n\n\n\n<p>Pasada las 12, alertaron al Sistema de Emergencias 911 sobre un siniestro vial ocurrido en intersecci\u00f3n de calles 25 de Mayo y Martin Fierro de barrio Centro de la localidad de El Galp\u00f3n.<\/p>\n\n\n\n<p>De inmediato, se desplazaron recursos al lugar, donde constataron los veh\u00edculos siniestrados. La moto era conducida por un hombre de 66 a\u00f1os, mientras que la camioneta por un hombre de 57.<\/p>\n\n\n\n<p>En el lugar, la v\u00edctima fue asistida por profesionales de la salud, quienes la trasladaron hacia el nosocomio local donde se confirm\u00f3 su fallecimiento.<\/p>\n\n\n\n<p>Por otro lado, los peritos en Criminal\u00edstica trabajaron en el lugar para documentar el hecho y determinar la mec\u00e1nica del siniestro.<\/p>\n\n\n\n<p>Por el hecho, tom\u00f3 intervenci\u00f3n la Fiscal\u00eda Penal N\u00b0 1.<\/p>\n","protected":false},"excerpt":{"rendered":"<p>Esta ma\u00f1ana, efectivos dependientes de la Direcci\u00f3n de Unidad Regional N\u00b0 3 y Peritos en Criminal\u00edstica trabajaron en torno a un siniestro vial en el que un motociclista perdi\u00f3 la vida producto de las lesiones sufridas. Pasada las 12, alertaron al Sistema de Emergencias 911 sobre un siniestro vial ocurrido en intersecci\u00f3n de calles 25 [&hellip;]<\/p>\n","protected":false},"author":2,"featured_media":70759,"comment_status":"open","ping_status":"open","sticky":false,"template":"","format":"standard","meta":{"tdm_status":"","tdm_grid_status":"","_joinchat":[],"footnotes":""},"categories":[63],"tags":[],"class_list":{"0":"post-70756","1":"post","2":"type-post","3":"status-publish","4":"format-standard","5":"has-post-thumbnail","7":"category-policiales"},"amp_enabled":true,"_links":{"self":[{"href":"https:\/\/www.todoeldia.com\/index.php\/wp-json\/wp\/v2\/posts\/70756","targetHints":{"allow":["GET"]}}],"collection":[{"href":"https:\/\/www.todoeldia.com\/index.php\/wp-json\/wp\/v2\/posts"}],"about":[{"href":"https:\/\/www.todoeldia.com\/index.php\/wp-json\/wp\/v2\/types\/post"}],"author":[{"embeddable":true,"href":"https:\/\/www.todoeldia.com\/index.php\/wp-json\/wp\/v2\/users\/2"}],"replies":[{"embeddable":true,"href":"https:\/\/www.todoeldia.com\/index.php\/wp-json\/wp\/v2\/comments?post=70756"}],"version-history":[{"count":1,"href":"https:\/\/www.todoeldia.com\/index.php\/wp-json\/wp\/v2\/posts\/70756\/revisions"}],"predecessor-version":[{"id":70757,"href":"https:\/\/www.todoeldia.com\/index.php\/wp-json\/wp\/v2\/posts\/70756\/revisions\/70757"}],"wp:featuredmedia":[{"embeddable":true,"href":"https:\/\/www.todoeldia.com\/index.php\/wp-json\/wp\/v2\/media\/70759"}],"wp:attachment":[{"href":"https:\/\/www.todoeldia.com\/index.php\/wp-json\/wp\/v2\/media?parent=70756"}],"wp:term":[{"taxonomy":"category","embeddable":true,"href":"https:\/\/www.todoeldia.com\/index.php\/wp-json\/wp\/v2\/categories?post=70756"},{"taxonomy":"post_tag","embeddable":true,"href":"https:\/\/www.todoeldia.com\/index.php\/wp-json\/wp\/v2\/tags?post=70756"}],"curies":[{"name":"wp","href":"https:\/\/api.w.org\/{rel}","templated":true}]}}