{"id":70782,"date":"2024-01-07T00:31:21","date_gmt":"2024-01-07T03:31:21","guid":{"rendered":"https:\/\/www.todoeldia.com\/?p=70782"},"modified":"2024-01-08T12:17:03","modified_gmt":"2024-01-08T15:17:03","slug":"pocho-lavezzi-en-grave-estado-internado-por-su-adcicion-a-las-drogas","status":"publish","type":"post","link":"https:\/\/www.todoeldia.com\/index.php\/2024\/01\/07\/pocho-lavezzi-en-grave-estado-internado-por-su-adcicion-a-las-drogas\/","title":{"rendered":"\u201cPocho\u201d Lavezzi, en grave estado internado por su adicci\u00f3n a las drogas"},"content":{"rendered":"\n<p>El ex jugador de la selecci\u00f3n argentina viene atravesando problemas de salud y, seg\u00fan se inform\u00f3 este s\u00e1bado, habr\u00eda sufrido una sobredosis.<\/p>\n\n\n\n<p>Ezequiel Lavezzi viene atravesando serios problemas de salud. Y la \u00faltima noticia respecto a su cuadro la dio este s\u00e1bado Luis Ventura, famoso periodista del mundo del espect\u00e1culo en Buenos Aires.<\/p>\n\n\n\n<p>Seg\u00fan indic\u00f3 Ventura, \u201cel Pocho\u201d se encuentra internado en grave estado por una supuesta \u201csobredosis\u201d de drogas.<\/p>\n\n\n\n<p>El sitio TN, por su parte, public\u00f3: \u201cApenas 17 d\u00edas despu\u00e9s de haber sufrido un confuso accidente en Punta del Este, Ezequiel Lavezzi fue internado otra vez, ahora en la ciudad de Buenos Aires. Seg\u00fan le confirmaron a TN, la de este s\u00e1bado fue por decisi\u00f3n propia. El exfutbolista se encuentra en la Cl\u00ednica Zabala acompa\u00f1ado por su familia\u201d.<\/p>\n\n\n\n<p>Tambi\u00e9n TN public\u00f3 que entre este domingo o el lunes, el exjugador, de 38 a\u00f1os, ser\u00e1 trasladado a una cl\u00ednica para tratarse de sus adicciones.<\/p>\n","protected":false},"excerpt":{"rendered":"<p>El ex jugador de la selecci\u00f3n argentina viene atravesando problemas de salud y, seg\u00fan se inform\u00f3 este s\u00e1bado, habr\u00eda sufrido una sobredosis. Ezequiel Lavezzi viene atravesando serios problemas de salud. Y la \u00faltima noticia respecto a su cuadro la dio este s\u00e1bado Luis Ventura, famoso periodista del mundo del espect\u00e1culo en Buenos Aires. Seg\u00fan indic\u00f3 [&hellip;]<\/p>\n","protected":false},"author":2,"featured_media":70058,"comment_status":"open","ping_status":"open","sticky":false,"template":"","format":"standard","meta":{"tdm_status":"","tdm_grid_status":"","_joinchat":[],"footnotes":""},"categories":[73],"tags":[],"class_list":{"0":"post-70782","1":"post","2":"type-post","3":"status-publish","4":"format-standard","5":"has-post-thumbnail","7":"category-noticias-general"},"amp_enabled":true,"_links":{"self":[{"href":"https:\/\/www.todoeldia.com\/index.php\/wp-json\/wp\/v2\/posts\/70782","targetHints":{"allow":["GET"]}}],"collection":[{"href":"https:\/\/www.todoeldia.com\/index.php\/wp-json\/wp\/v2\/posts"}],"about":[{"href":"https:\/\/www.todoeldia.com\/index.php\/wp-json\/wp\/v2\/types\/post"}],"author":[{"embeddable":true,"href":"https:\/\/www.todoeldia.com\/index.php\/wp-json\/wp\/v2\/users\/2"}],"replies":[{"embeddable":true,"href":"https:\/\/www.todoeldia.com\/index.php\/wp-json\/wp\/v2\/comments?post=70782"}],"version-history":[{"count":2,"href":"https:\/\/www.todoeldia.com\/index.php\/wp-json\/wp\/v2\/posts\/70782\/revisions"}],"predecessor-version":[{"id":70901,"href":"https:\/\/www.todoeldia.com\/index.php\/wp-json\/wp\/v2\/posts\/70782\/revisions\/70901"}],"wp:featuredmedia":[{"embeddable":true,"href":"https:\/\/www.todoeldia.com\/index.php\/wp-json\/wp\/v2\/media\/70058"}],"wp:attachment":[{"href":"https:\/\/www.todoeldia.com\/index.php\/wp-json\/wp\/v2\/media?parent=70782"}],"wp:term":[{"taxonomy":"category","embeddable":true,"href":"https:\/\/www.todoeldia.com\/index.php\/wp-json\/wp\/v2\/categories?post=70782"},{"taxonomy":"post_tag","embeddable":true,"href":"https:\/\/www.todoeldia.com\/index.php\/wp-json\/wp\/v2\/tags?post=70782"}],"curies":[{"name":"wp","href":"https:\/\/api.w.org\/{rel}","templated":true}]}}