{"id":70799,"date":"2024-01-07T14:40:24","date_gmt":"2024-01-07T17:40:24","guid":{"rendered":"https:\/\/www.todoeldia.com\/?p=70799"},"modified":"2024-01-07T14:40:24","modified_gmt":"2024-01-07T17:40:24","slug":"una-camioneta-fue-arrastrada-por-un-arroyo-en-villa-general-belgrano-en-cordoba","status":"publish","type":"post","link":"https:\/\/www.todoeldia.com\/index.php\/2024\/01\/07\/una-camioneta-fue-arrastrada-por-un-arroyo-en-villa-general-belgrano-en-cordoba\/","title":{"rendered":"Una camioneta fue arrastrada por un arroyo en Villa General Belgrano en C\u00f3rdoba"},"content":{"rendered":"\n<p>El rodado fue hallado horas m\u00e1s tarde sobre el cauce de un arroyo. Fue una de las localidades cordobesas m\u00e1s afectadas por el temporal.<\/p>\n\n\n\n<p>Villa General Belgrano fue una de las localidades m\u00e1s afectadas por el temporal que se registr\u00f3 en gran parte de la provincia de C\u00f3rdoba este s\u00e1bado y domingo por la madrugada. En la villa llovieron m\u00e1s de 100 mil\u00edmetros y hubo una crecida hist\u00f3rica del arroyo que atraviesa esa tur\u00edstica ciudad del valle de Calamuchita.<\/p>\n\n\n\n<figure class=\"wp-block-embed is-type-video is-provider-youtube wp-block-embed-youtube wp-embed-aspect-16-9 wp-has-aspect-ratio\"><div class=\"wp-block-embed__wrapper\">\n<iframe loading=\"lazy\" title=\"Villa General Belgrano, C\u00f3rdoba, Inundaciones\" width=\"696\" height=\"392\" src=\"https:\/\/www.youtube.com\/embed\/TNGStV2_xQU?feature=oembed\" frameborder=\"0\" allow=\"accelerometer; autoplay; clipboard-write; encrypted-media; gyroscope; picture-in-picture; web-share\" allowfullscreen><\/iframe>\n<\/div><\/figure>\n\n\n\n<p>Villa General Belgrano fue una de las localidades m\u00e1s afectadas por el temporal que se registr\u00f3 en gran parte de la provincia de C\u00f3rdoba este s\u00e1bado y domingo por la madrugada. En la villa llovieron m\u00e1s de 100 mil\u00edmetros y hubo una crecida hist\u00f3rica del arroyo que atraviesa esa tur\u00edstica ciudad del valle de Calamuchita.<\/p>\n\n\n\n<p>Las calles del centro y de los barrios sufrieron anegamientos, ca\u00edda de \u00e1rboles y m\u00faltiples destrozos. Tambi\u00e9n se vivi\u00f3 una escena dram\u00e1tica en la que un conductor intent\u00f3 cruzar con su camioneta Ford Ranger por un caudal de agua y fue arrastrado por la corriente.<\/p>\n\n\n\n<figure class=\"wp-block-embed is-type-video is-provider-youtube wp-block-embed-youtube wp-embed-aspect-16-9 wp-has-aspect-ratio\"><div class=\"wp-block-embed__wrapper\">\n<div class=\"youtube-embed\" data-video_id=\"\"><iframe loading=\"lazy\" title=\"RESCATAN A DOS J\u00d3VENES QUE QUEDARON ATRAPADAS POR LA CRECIDA DEL ARROYO EN VILLA GENERAL BELGRANO\" width=\"696\" height=\"392\" src=\"https:\/\/www.youtube.com\/embed\/YEKdps9Y24I?feature=oembed&#038;enablejsapi=1\" frameborder=\"0\" allow=\"accelerometer; autoplay; clipboard-write; encrypted-media; gyroscope; picture-in-picture; web-share\" allowfullscreen><\/iframe><\/div>\n<\/div><\/figure>\n\n\n\n<p>Villa General Belgrano fue una de las localidades m\u00e1s afectadas por el temporal que se registr\u00f3 en gran parte de la provincia de C\u00f3rdoba este s\u00e1bado y domingo por la madrugada. En la villa llovieron m\u00e1s de 100 mil\u00edmetros y hubo una crecida hist\u00f3rica del arroyo que atraviesa esa tur\u00edstica ciudad del valle de Calamuchita.<\/p>\n\n\n\n<p>Todo sobre la Tormenta en C\u00f3rdoba<\/p>\n\n\n\n<p>Las calles del centro y de los barrios sufrieron anegamientos, ca\u00edda de \u00e1rboles y m\u00faltiples destrozos. Tambi\u00e9n se vivi\u00f3 una escena dram\u00e1tica en la que un conductor intent\u00f3 cruzar con su camioneta Ford Ranger por un caudal de agua y fue arrastrado por la corriente.<\/p>\n\n\n\n<p>Horas m\u00e1s tarde, ya con la luz del d\u00eda, apareci\u00f3 la camioneta. El rodado, visiblemente da\u00f1ado, estaba sobre dos piedras en el cauce del arroyo de la localidad.<\/p>\n\n\n\n<p>El hombre fue rescatado en el lugar donde qued\u00f3 varada la camioneta. Bomberos le alcanzaron una soga y lo arrastraron hasta la orilla del r\u00edo donde lograron ponerlo fuera de peligro.<\/p>\n","protected":false},"excerpt":{"rendered":"<p>El rodado fue hallado horas m\u00e1s tarde sobre el cauce de un arroyo. Fue una de las localidades cordobesas m\u00e1s afectadas por el temporal. Villa General Belgrano fue una de las localidades m\u00e1s afectadas por el temporal que se registr\u00f3 en gran parte de la provincia de C\u00f3rdoba este s\u00e1bado y domingo por la madrugada. [&hellip;]<\/p>\n","protected":false},"author":2,"featured_media":70800,"comment_status":"open","ping_status":"open","sticky":false,"template":"","format":"standard","meta":{"tdm_status":"","tdm_grid_status":"","_joinchat":[],"footnotes":""},"categories":[73],"tags":[],"class_list":{"0":"post-70799","1":"post","2":"type-post","3":"status-publish","4":"format-standard","5":"has-post-thumbnail","7":"category-noticias-general"},"amp_enabled":true,"_links":{"self":[{"href":"https:\/\/www.todoeldia.com\/index.php\/wp-json\/wp\/v2\/posts\/70799","targetHints":{"allow":["GET"]}}],"collection":[{"href":"https:\/\/www.todoeldia.com\/index.php\/wp-json\/wp\/v2\/posts"}],"about":[{"href":"https:\/\/www.todoeldia.com\/index.php\/wp-json\/wp\/v2\/types\/post"}],"author":[{"embeddable":true,"href":"https:\/\/www.todoeldia.com\/index.php\/wp-json\/wp\/v2\/users\/2"}],"replies":[{"embeddable":true,"href":"https:\/\/www.todoeldia.com\/index.php\/wp-json\/wp\/v2\/comments?post=70799"}],"version-history":[{"count":1,"href":"https:\/\/www.todoeldia.com\/index.php\/wp-json\/wp\/v2\/posts\/70799\/revisions"}],"predecessor-version":[{"id":70801,"href":"https:\/\/www.todoeldia.com\/index.php\/wp-json\/wp\/v2\/posts\/70799\/revisions\/70801"}],"wp:featuredmedia":[{"embeddable":true,"href":"https:\/\/www.todoeldia.com\/index.php\/wp-json\/wp\/v2\/media\/70800"}],"wp:attachment":[{"href":"https:\/\/www.todoeldia.com\/index.php\/wp-json\/wp\/v2\/media?parent=70799"}],"wp:term":[{"taxonomy":"category","embeddable":true,"href":"https:\/\/www.todoeldia.com\/index.php\/wp-json\/wp\/v2\/categories?post=70799"},{"taxonomy":"post_tag","embeddable":true,"href":"https:\/\/www.todoeldia.com\/index.php\/wp-json\/wp\/v2\/tags?post=70799"}],"curies":[{"name":"wp","href":"https:\/\/api.w.org\/{rel}","templated":true}]}}