{"id":70805,"date":"2024-01-07T18:48:53","date_gmt":"2024-01-07T21:48:53","guid":{"rendered":"https:\/\/www.todoeldia.com\/?p=70805"},"modified":"2024-01-07T18:48:53","modified_gmt":"2024-01-07T21:48:53","slug":"luciano-benavides-da-pelea-en-motos-en-el-rally","status":"publish","type":"post","link":"https:\/\/www.todoeldia.com\/index.php\/2024\/01\/07\/luciano-benavides-da-pelea-en-motos-en-el-rally\/","title":{"rendered":"Luciano Benavides da pelea en motos en el Rally"},"content":{"rendered":"\n<p>El salte\u00f1o fue segundo en la etapa y completa el top cinco en la general. En cuatriciclos Manu And\u00fajar result\u00f3 tercero. En autos, los Audi h\u00edbridos pasaron a comandar la carrera<\/p>\n\n\n\n<p>El Rally Dakar cumpli\u00f3 este domingo su segunda etapa, que uni\u00f3 las ciudades de Al Henakiyah con Ad Dawadimi, con 470 kil\u00f3metros del tramo cronometrado, el tercero m\u00e1s largo de las 12 jornadas de la carrera que por quinto a\u00f1o consecutivo se disputa en Arabia Saudita, cuyo d\u00eda estuvo marcado por el fuerte accidente del espa\u00f1ol Carles Falc\u00f3n. En la clasificaci\u00f3n general, los Audi h\u00edbridos pasaron al frente en autos, mientras que en motos y cuatriciclos los argentinos dan pelea y se ubican en el top cinco de sendas divisionales.<\/p>\n\n\n\n<p>En las dos ruedas, Luciano Benavides (Husqvarna) fue segundo y mejor\u00f3 en el clasificador global ya que se ubica quinto. \u201cHoy, segunda etapa, a pesar de que fue dif\u00edcil, me fue mejor y qued\u00e9 en segunda posici\u00f3n. Me sent\u00ed mucho m\u00e1s confiado y pude apretar bastante en la parte de dunas. Comet\u00ed algunos errores de navegaci\u00f3n y pas\u00e9 mucho tiempo en el polvo de otros pilotos que alcanc\u00e9\u201d, cont\u00f3 el salte\u00f1o de 28 a\u00f1os, flamante campe\u00f3n mundial de Rally Raid.<\/p>\n\n\n\n<figure class=\"wp-block-image size-full is-resized\"><img loading=\"lazy\" decoding=\"async\" width=\"768\" height=\"512\" src=\"https:\/\/www.todoeldia.com\/wp-content\/uploads\/2024\/01\/image-27.png\" alt=\"\" class=\"wp-image-70807\" style=\"width:1035px;height:auto\" srcset=\"https:\/\/www.todoeldia.com\/wp-content\/uploads\/2024\/01\/image-27.png 768w, https:\/\/www.todoeldia.com\/wp-content\/uploads\/2024\/01\/image-27-300x200.png 300w, https:\/\/www.todoeldia.com\/wp-content\/uploads\/2024\/01\/image-27-696x464.png 696w, https:\/\/www.todoeldia.com\/wp-content\/uploads\/2024\/01\/image-27-630x420.png 630w\" sizes=\"auto, (max-width: 768px) 100vw, 768px\" \/><\/figure>\n\n\n\n<p><strong>Manuel And\u00fajar avanza sobre el franc\u00e9s Alexandre Giroud. El de Lobos fue tercero y marcha en esa posici\u00f3n en la general<\/strong><\/p>\n\n\n\n<p>El ganador del d\u00eda fue Ignacio Cornejo (Honda) y ahora es segundo en la prueba que tiene como l\u00edder en la general al botsuano Ross Branch (Hero). En esta divisional, el riojano Diego Llanos (KTM) fue 18\u00ba (21\u00ba en la general), Kevin Benavides (KTM), el mayor de los hermanos, fue 19\u00ba (11\u00ba) y Diego Rostan, 48\u00ba (61\u00ba).<\/p>\n\n\n\n<p>Mientras que en cuatriciclos el bonaerense Manuel And\u00fajar (Yamaha) fue tercero y ocupa esa misma posici\u00f3n en la n\u00f3mina total que lidera el brasile\u00f1o Marcelo Medeiros (Yamaha), quien tambi\u00e9n manda en el global. Por su parte el mendocino Francisco Moreno (Yamaha) tuvo fallas con la parrilla de suspensi\u00f3n al terminar el especial. El de Tupungato qued\u00f3 relegado al d\u00e9cimo y \u00faltimo lugar en ambas clasificaciones.<\/p>\n","protected":false},"excerpt":{"rendered":"<p>El salte\u00f1o fue segundo en la etapa y completa el top cinco en la general. En cuatriciclos Manu And\u00fajar result\u00f3 tercero. En autos, los Audi h\u00edbridos pasaron a comandar la carrera El Rally Dakar cumpli\u00f3 este domingo su segunda etapa, que uni\u00f3 las ciudades de Al Henakiyah con Ad Dawadimi, con 470 kil\u00f3metros del tramo [&hellip;]<\/p>\n","protected":false},"author":2,"featured_media":70806,"comment_status":"open","ping_status":"open","sticky":false,"template":"","format":"standard","meta":{"tdm_status":"","tdm_grid_status":"","_joinchat":[],"footnotes":""},"categories":[62],"tags":[],"class_list":{"0":"post-70805","1":"post","2":"type-post","3":"status-publish","4":"format-standard","5":"has-post-thumbnail","7":"category-deportes"},"amp_enabled":true,"_links":{"self":[{"href":"https:\/\/www.todoeldia.com\/index.php\/wp-json\/wp\/v2\/posts\/70805","targetHints":{"allow":["GET"]}}],"collection":[{"href":"https:\/\/www.todoeldia.com\/index.php\/wp-json\/wp\/v2\/posts"}],"about":[{"href":"https:\/\/www.todoeldia.com\/index.php\/wp-json\/wp\/v2\/types\/post"}],"author":[{"embeddable":true,"href":"https:\/\/www.todoeldia.com\/index.php\/wp-json\/wp\/v2\/users\/2"}],"replies":[{"embeddable":true,"href":"https:\/\/www.todoeldia.com\/index.php\/wp-json\/wp\/v2\/comments?post=70805"}],"version-history":[{"count":1,"href":"https:\/\/www.todoeldia.com\/index.php\/wp-json\/wp\/v2\/posts\/70805\/revisions"}],"predecessor-version":[{"id":70808,"href":"https:\/\/www.todoeldia.com\/index.php\/wp-json\/wp\/v2\/posts\/70805\/revisions\/70808"}],"wp:featuredmedia":[{"embeddable":true,"href":"https:\/\/www.todoeldia.com\/index.php\/wp-json\/wp\/v2\/media\/70806"}],"wp:attachment":[{"href":"https:\/\/www.todoeldia.com\/index.php\/wp-json\/wp\/v2\/media?parent=70805"}],"wp:term":[{"taxonomy":"category","embeddable":true,"href":"https:\/\/www.todoeldia.com\/index.php\/wp-json\/wp\/v2\/categories?post=70805"},{"taxonomy":"post_tag","embeddable":true,"href":"https:\/\/www.todoeldia.com\/index.php\/wp-json\/wp\/v2\/tags?post=70805"}],"curies":[{"name":"wp","href":"https:\/\/api.w.org\/{rel}","templated":true}]}}