{"id":70812,"date":"2024-01-07T19:16:12","date_gmt":"2024-01-07T22:16:12","guid":{"rendered":"https:\/\/www.todoeldia.com\/?p=70812"},"modified":"2024-01-07T19:16:13","modified_gmt":"2024-01-07T22:16:13","slug":"encontraron-el-cuerpo-del-nene-de-8-anos-que-era-intensamente-buscado-en-tres-arroyos","status":"publish","type":"post","link":"https:\/\/www.todoeldia.com\/index.php\/2024\/01\/07\/encontraron-el-cuerpo-del-nene-de-8-anos-que-era-intensamente-buscado-en-tres-arroyos\/","title":{"rendered":"Encontraron el cuerpo del nene de 8 a\u00f1os que era intensamente buscado en Tres Arroyos"},"content":{"rendered":"\n<p>Agust\u00edn Menna hab\u00eda desaparecido tras caer al arroyo Orellano el jueves pasado. Su cuerpo fue encontrado durante los rastrillajes que se realizaban por la zona costera.<\/p>\n\n\n\n<p>Agust\u00edn Menna, el nene de 8 a\u00f1os que que era intensamente buscado desde el jueves pasado tras caer en el arroyo Orellano en la ciudad bonaerense de Tres Arroyos, fue finalmente encontrado sin vida este domingo. El hallazgo de su cuerpo se dio durante los rastrillajes que se realizaron alrededor de toda la zona costera.<\/p>\n\n\n\n<figure class=\"wp-block-image size-full is-resized\"><img loading=\"lazy\" decoding=\"async\" width=\"803\" height=\"450\" src=\"https:\/\/www.todoeldia.com\/wp-content\/uploads\/2024\/01\/nene-muerto-en-tres-arroyos1.jpg\" alt=\"\" class=\"wp-image-70814\" style=\"width:1068px;height:auto\" srcset=\"https:\/\/www.todoeldia.com\/wp-content\/uploads\/2024\/01\/nene-muerto-en-tres-arroyos1.jpg 803w, https:\/\/www.todoeldia.com\/wp-content\/uploads\/2024\/01\/nene-muerto-en-tres-arroyos1-300x168.jpg 300w, https:\/\/www.todoeldia.com\/wp-content\/uploads\/2024\/01\/nene-muerto-en-tres-arroyos1-768x430.jpg 768w, https:\/\/www.todoeldia.com\/wp-content\/uploads\/2024\/01\/nene-muerto-en-tres-arroyos1-696x390.jpg 696w, https:\/\/www.todoeldia.com\/wp-content\/uploads\/2024\/01\/nene-muerto-en-tres-arroyos1-749x420.jpg 749w\" sizes=\"auto, (max-width: 803px) 100vw, 803px\" \/><\/figure>\n\n\n\n<p><strong>Agust\u00edn Menna, de 8 a\u00f1os, fue encontrado sin vida<\/strong><\/p>\n\n\n\n<p>Grupos de efectivos policiales, bomberos y buzos continuaban anoche con la b\u00fasqueda de Agust\u00edn, hab\u00eda informado el comisario Walter Fern\u00e1ndez de la Estaci\u00f3n de Polic\u00eda local. Tambi\u00e9n se hab\u00edan sumado drones y el rastrillaje se realizaba en ambas costas del arroyo y en campos cercanos.<\/p>\n\n\n\n<p>As\u00ed fue el momento en el que Agust\u00edn cay\u00f3 al arroyo<\/p>\n\n\n\n<p>Seg\u00fan trascendi\u00f3, el nene estaba junto a su prima de 13 a\u00f1os arreando vacas. Uno de los animales cruz\u00f3 el arroyo y cuando Agust\u00edn la fue a buscar montado a caballo, la corriente del arroyo lo arrastr\u00f3. Su prima intent\u00f3 sostenerlo, pero debido al gran caudal de agua que hab\u00eda en ese momento no pudo.<\/p>\n\n\n\n<p>Juan Apolonio Su\u00e1rez, secretario de Seguridad de Tres Arroyos, habl\u00f3 con TN y cont\u00f3 que el viernes por la tarde la ciudad sufri\u00f3 un fuerte temporal y alrededor de las 19 recibieron un alerta sobre que un nene se hab\u00eda ca\u00eddo a uno de los arroyos.<\/p>\n\n\n\n<p>\u201cNo se sabe c\u00f3mo, los nenes se caen de los caballos y son arrastrados unos 100 metros aproximadamente, hasta que la nena logra agarrarse de la maleza, sale, pero el nene que iba agarrado de ella se desprende y ya no lo ve m\u00e1s\u201d, cont\u00f3. A ra\u00edz de esto, la chiquita se dirigi\u00f3 hasta su casa y dio aviso a sus familiares.<\/p>\n","protected":false},"excerpt":{"rendered":"<p>Agust\u00edn Menna hab\u00eda desaparecido tras caer al arroyo Orellano el jueves pasado. Su cuerpo fue encontrado durante los rastrillajes que se realizaban por la zona costera. Agust\u00edn Menna, el nene de 8 a\u00f1os que que era intensamente buscado desde el jueves pasado tras caer en el arroyo Orellano en la ciudad bonaerense de Tres Arroyos, [&hellip;]<\/p>\n","protected":false},"author":2,"featured_media":70813,"comment_status":"open","ping_status":"open","sticky":false,"template":"","format":"standard","meta":{"tdm_status":"","tdm_grid_status":"","_joinchat":[],"footnotes":""},"categories":[63],"tags":[],"class_list":{"0":"post-70812","1":"post","2":"type-post","3":"status-publish","4":"format-standard","5":"has-post-thumbnail","7":"category-policiales"},"amp_enabled":true,"_links":{"self":[{"href":"https:\/\/www.todoeldia.com\/index.php\/wp-json\/wp\/v2\/posts\/70812","targetHints":{"allow":["GET"]}}],"collection":[{"href":"https:\/\/www.todoeldia.com\/index.php\/wp-json\/wp\/v2\/posts"}],"about":[{"href":"https:\/\/www.todoeldia.com\/index.php\/wp-json\/wp\/v2\/types\/post"}],"author":[{"embeddable":true,"href":"https:\/\/www.todoeldia.com\/index.php\/wp-json\/wp\/v2\/users\/2"}],"replies":[{"embeddable":true,"href":"https:\/\/www.todoeldia.com\/index.php\/wp-json\/wp\/v2\/comments?post=70812"}],"version-history":[{"count":1,"href":"https:\/\/www.todoeldia.com\/index.php\/wp-json\/wp\/v2\/posts\/70812\/revisions"}],"predecessor-version":[{"id":70815,"href":"https:\/\/www.todoeldia.com\/index.php\/wp-json\/wp\/v2\/posts\/70812\/revisions\/70815"}],"wp:featuredmedia":[{"embeddable":true,"href":"https:\/\/www.todoeldia.com\/index.php\/wp-json\/wp\/v2\/media\/70813"}],"wp:attachment":[{"href":"https:\/\/www.todoeldia.com\/index.php\/wp-json\/wp\/v2\/media?parent=70812"}],"wp:term":[{"taxonomy":"category","embeddable":true,"href":"https:\/\/www.todoeldia.com\/index.php\/wp-json\/wp\/v2\/categories?post=70812"},{"taxonomy":"post_tag","embeddable":true,"href":"https:\/\/www.todoeldia.com\/index.php\/wp-json\/wp\/v2\/tags?post=70812"}],"curies":[{"name":"wp","href":"https:\/\/api.w.org\/{rel}","templated":true}]}}