{"id":70819,"date":"2024-01-08T09:03:49","date_gmt":"2024-01-08T12:03:49","guid":{"rendered":"https:\/\/www.todoeldia.com\/?p=70819"},"modified":"2024-01-08T09:03:49","modified_gmt":"2024-01-08T12:03:49","slug":"una-mujer-se-habria-suicidado-arrollada-por-el-tren-urbano-en-estacion-alvarado","status":"publish","type":"post","link":"https:\/\/www.todoeldia.com\/index.php\/2024\/01\/08\/una-mujer-se-habria-suicidado-arrollada-por-el-tren-urbano-en-estacion-alvarado\/","title":{"rendered":"Una mujer se habr\u00eda suicidado arrollada por el tren urbano en Estaci\u00f3n Alvarado"},"content":{"rendered":"\n<p>Cerca de las 7 de la ma\u00f1ana cuando el tren urbano hac\u00eda su habitual recorrido entre Campo Quijano y la estaci\u00f3n, arrollo a una mujer que hizo caso omiso a la bocina que hac\u00eda sonar el conductor.<\/p>\n\n\n\n<figure class=\"wp-block-image size-full is-resized\"><img loading=\"lazy\" decoding=\"async\" width=\"994\" height=\"450\" src=\"https:\/\/www.todoeldia.com\/wp-content\/uploads\/2024\/01\/mujer-muerta-por-el-tren-3.jpg\" alt=\"\" class=\"wp-image-70823\" style=\"width:1068px;height:auto\" srcset=\"https:\/\/www.todoeldia.com\/wp-content\/uploads\/2024\/01\/mujer-muerta-por-el-tren-3.jpg 994w, https:\/\/www.todoeldia.com\/wp-content\/uploads\/2024\/01\/mujer-muerta-por-el-tren-3-300x136.jpg 300w, https:\/\/www.todoeldia.com\/wp-content\/uploads\/2024\/01\/mujer-muerta-por-el-tren-3-768x348.jpg 768w, https:\/\/www.todoeldia.com\/wp-content\/uploads\/2024\/01\/mujer-muerta-por-el-tren-3-696x315.jpg 696w, https:\/\/www.todoeldia.com\/wp-content\/uploads\/2024\/01\/mujer-muerta-por-el-tren-3-928x420.jpg 928w\" sizes=\"auto, (max-width: 994px) 100vw, 994px\" \/><\/figure>\n\n\n\n<p>El tr\u00e1nsito por avenida Banchik fue cerrado hacia el aeropuerto debido a que el cuerpo de la mujer qued\u00f3 debajo de la formaci\u00f3n.<\/p>\n\n\n\n<figure class=\"wp-block-image size-large\"><img loading=\"lazy\" decoding=\"async\" width=\"1024\" height=\"358\" src=\"https:\/\/www.todoeldia.com\/wp-content\/uploads\/2024\/01\/mujer-muerta-por-el-tren-1-1024x358.jpg\" alt=\"\" class=\"wp-image-70821\" srcset=\"https:\/\/www.todoeldia.com\/wp-content\/uploads\/2024\/01\/mujer-muerta-por-el-tren-1-1024x358.jpg 1024w, https:\/\/www.todoeldia.com\/wp-content\/uploads\/2024\/01\/mujer-muerta-por-el-tren-1-300x105.jpg 300w, https:\/\/www.todoeldia.com\/wp-content\/uploads\/2024\/01\/mujer-muerta-por-el-tren-1-768x269.jpg 768w, https:\/\/www.todoeldia.com\/wp-content\/uploads\/2024\/01\/mujer-muerta-por-el-tren-1-696x244.jpg 696w, https:\/\/www.todoeldia.com\/wp-content\/uploads\/2024\/01\/mujer-muerta-por-el-tren-1-1068x374.jpg 1068w, https:\/\/www.todoeldia.com\/wp-content\/uploads\/2024\/01\/mujer-muerta-por-el-tren-1-1200x420.jpg 1200w, https:\/\/www.todoeldia.com\/wp-content\/uploads\/2024\/01\/mujer-muerta-por-el-tren-1.jpg 1283w\" sizes=\"auto, (max-width: 1024px) 100vw, 1024px\" \/><\/figure>\n\n\n\n<p>Por otro lado, y seg\u00fan los pasajeros, el tren ven\u00eda tocando la bocina y termin\u00f3 arroll\u00e1ndola.<\/p>\n\n\n\n<p>En el lugar trabaj\u00f3 la polic\u00eda, bomberos, y peritos del CIF.<\/p>\n\n\n\n<p>Seg\u00fan las primeras versiones se habr\u00eda tratado de un suicidio, pero tambien se especula que si el conductor del tren la vio circular por las v\u00edas y toco bocina bien podr\u00eda haber frenado debido a que la formaci\u00f3n no circula a tan alta velocidad.<\/p>\n","protected":false},"excerpt":{"rendered":"<p>Cerca de las 7 de la ma\u00f1ana cuando el tren urbano hac\u00eda su habitual recorrido entre Campo Quijano y la estaci\u00f3n, arrollo a una mujer que hizo caso omiso a la bocina que hac\u00eda sonar el conductor. El tr\u00e1nsito por avenida Banchik fue cerrado hacia el aeropuerto debido a que el cuerpo de la mujer [&hellip;]<\/p>\n","protected":false},"author":2,"featured_media":70822,"comment_status":"open","ping_status":"open","sticky":false,"template":"","format":"standard","meta":{"tdm_status":"","tdm_grid_status":"","_joinchat":[],"footnotes":""},"categories":[63],"tags":[],"class_list":{"0":"post-70819","1":"post","2":"type-post","3":"status-publish","4":"format-standard","5":"has-post-thumbnail","7":"category-policiales"},"amp_enabled":true,"_links":{"self":[{"href":"https:\/\/www.todoeldia.com\/index.php\/wp-json\/wp\/v2\/posts\/70819","targetHints":{"allow":["GET"]}}],"collection":[{"href":"https:\/\/www.todoeldia.com\/index.php\/wp-json\/wp\/v2\/posts"}],"about":[{"href":"https:\/\/www.todoeldia.com\/index.php\/wp-json\/wp\/v2\/types\/post"}],"author":[{"embeddable":true,"href":"https:\/\/www.todoeldia.com\/index.php\/wp-json\/wp\/v2\/users\/2"}],"replies":[{"embeddable":true,"href":"https:\/\/www.todoeldia.com\/index.php\/wp-json\/wp\/v2\/comments?post=70819"}],"version-history":[{"count":1,"href":"https:\/\/www.todoeldia.com\/index.php\/wp-json\/wp\/v2\/posts\/70819\/revisions"}],"predecessor-version":[{"id":70824,"href":"https:\/\/www.todoeldia.com\/index.php\/wp-json\/wp\/v2\/posts\/70819\/revisions\/70824"}],"wp:featuredmedia":[{"embeddable":true,"href":"https:\/\/www.todoeldia.com\/index.php\/wp-json\/wp\/v2\/media\/70822"}],"wp:attachment":[{"href":"https:\/\/www.todoeldia.com\/index.php\/wp-json\/wp\/v2\/media?parent=70819"}],"wp:term":[{"taxonomy":"category","embeddable":true,"href":"https:\/\/www.todoeldia.com\/index.php\/wp-json\/wp\/v2\/categories?post=70819"},{"taxonomy":"post_tag","embeddable":true,"href":"https:\/\/www.todoeldia.com\/index.php\/wp-json\/wp\/v2\/tags?post=70819"}],"curies":[{"name":"wp","href":"https:\/\/api.w.org\/{rel}","templated":true}]}}