{"id":70869,"date":"2024-01-08T10:58:11","date_gmt":"2024-01-08T13:58:11","guid":{"rendered":"https:\/\/www.todoeldia.com\/?p=70869"},"modified":"2024-01-08T10:58:11","modified_gmt":"2024-01-08T13:58:11","slug":"dos-ninos-de-rivadavia-fallecieron-en-menos-de-24-horas","status":"publish","type":"post","link":"https:\/\/www.todoeldia.com\/index.php\/2024\/01\/08\/dos-ninos-de-rivadavia-fallecieron-en-menos-de-24-horas\/","title":{"rendered":"Dos ni\u00f1os de Rivadavia fallecieron en menos de 24 horas"},"content":{"rendered":"\n<p>En el Hospital de Morillo, falleci\u00f3 este jueves un beb\u00e9 wichi de 13 meses que ingres\u00f3 con riesgo bajo peso, mientras que una beba de un a\u00f1o que no pudo revertir un fuerte cuadro de v\u00f3mitos, fue derivada al hospital de Or\u00e1n y falleci\u00f3 hoy.<\/p>\n\n\n\n<p>Un ni\u00f1o de un a\u00f1o y un mes, perteneciente a la Misi\u00f3n La Coartada de la comunidad wichi, falleci\u00f3 en el hospital Coronel Juan Sol\u00e1.<\/p>\n\n\n\n<p>Las causas del deceso a\u00fan no fueron informadas oficialmente, pero hay una enorme preocupaci\u00f3n en la zona, en torno al impacto que puede tener el ajuste dispuesto por el Gobierno nacional en una zona con altos niveles de Necesidades B\u00e1sicas Insatisfechas -NBI-.<\/p>\n\n\n\n<p>Una consecuencia directa de las medidas econ\u00f3micas es la grave situaci\u00f3n en el Hospital de Morillo, el que si bien cubri\u00f3 vacantes m\u00e9dicas y recibe m\u00e1s derivaciones, tiene serios problemas de funcionalidad por falta de insumos desde los m\u00e1s complejos hasta los b\u00e1sicos como algod\u00f3n o pan para la merienda de los internados y el personal.<\/p>\n\n\n\n<p>Otra manifestaci\u00f3n del ajuste se presenta cuando ingresan los ni\u00f1os en emergencia, pero por fuera de horario de atenci\u00f3n de laboratorio y rayos X, no se pueden realizar estudios elementales porque se suspendi\u00f3 el pago de horas guardias.<\/p>\n\n\n\n<p>Deshidrataci\u00f3n y s\u00edndrome em\u00e9tico<\/p>\n\n\n\n<p>Una beba de un a\u00f1o de Rivadavia Banda Norte, ingres\u00f3 al hospital de Morillo el viernes 29 de diciembre con un diagn\u00f3stico de \u201cdeshidrataci\u00f3n moderada y s\u00edndrome em\u00e9tico\u201d, un trastorno que causa ataques repentinos y recurrentes, conocidos como episodios, de n\u00e1useas y v\u00f3mitos intensos.<\/p>\n\n\n\n<p>Otra caracter\u00edstica del s\u00edndrome es que los episodios pueden durar desde unas pocas horas hasta varios d\u00edas y se alternan con periodos m\u00e1s largos sin s\u00edntomas.<\/p>\n\n\n\n<p>Fue derivada al hospital al hospital San Vicente de Paul desde el hospital Coronel Juan Sol\u00e1, en Morillo, Rivadavia Banda Norte y falleci\u00f3 hoy causando una gran conmoci\u00f3n en el pueblo.<\/p>\n\n\n\n<p>Ante situaciones complejas, los hospitales que intervienen en la fase aguda de un cuadro, presentan deficiencias y limitaciones expl\u00edcitas que requieren urgente soluci\u00f3n para prevenir otros casos.<\/p>\n\n\n\n<p>Fuente Opini\u00f3n Norte<\/p>\n","protected":false},"excerpt":{"rendered":"<p>En el Hospital de Morillo, falleci\u00f3 este jueves un beb\u00e9 wichi de 13 meses que ingres\u00f3 con riesgo bajo peso, mientras que una beba de un a\u00f1o que no pudo revertir un fuerte cuadro de v\u00f3mitos, fue derivada al hospital de Or\u00e1n y falleci\u00f3 hoy. Un ni\u00f1o de un a\u00f1o y un mes, perteneciente a [&hellip;]<\/p>\n","protected":false},"author":2,"featured_media":70870,"comment_status":"open","ping_status":"open","sticky":false,"template":"","format":"standard","meta":{"tdm_status":"","tdm_grid_status":"","_joinchat":[],"footnotes":""},"categories":[73],"tags":[],"class_list":{"0":"post-70869","1":"post","2":"type-post","3":"status-publish","4":"format-standard","5":"has-post-thumbnail","7":"category-noticias-general"},"amp_enabled":true,"_links":{"self":[{"href":"https:\/\/www.todoeldia.com\/index.php\/wp-json\/wp\/v2\/posts\/70869","targetHints":{"allow":["GET"]}}],"collection":[{"href":"https:\/\/www.todoeldia.com\/index.php\/wp-json\/wp\/v2\/posts"}],"about":[{"href":"https:\/\/www.todoeldia.com\/index.php\/wp-json\/wp\/v2\/types\/post"}],"author":[{"embeddable":true,"href":"https:\/\/www.todoeldia.com\/index.php\/wp-json\/wp\/v2\/users\/2"}],"replies":[{"embeddable":true,"href":"https:\/\/www.todoeldia.com\/index.php\/wp-json\/wp\/v2\/comments?post=70869"}],"version-history":[{"count":1,"href":"https:\/\/www.todoeldia.com\/index.php\/wp-json\/wp\/v2\/posts\/70869\/revisions"}],"predecessor-version":[{"id":70871,"href":"https:\/\/www.todoeldia.com\/index.php\/wp-json\/wp\/v2\/posts\/70869\/revisions\/70871"}],"wp:featuredmedia":[{"embeddable":true,"href":"https:\/\/www.todoeldia.com\/index.php\/wp-json\/wp\/v2\/media\/70870"}],"wp:attachment":[{"href":"https:\/\/www.todoeldia.com\/index.php\/wp-json\/wp\/v2\/media?parent=70869"}],"wp:term":[{"taxonomy":"category","embeddable":true,"href":"https:\/\/www.todoeldia.com\/index.php\/wp-json\/wp\/v2\/categories?post=70869"},{"taxonomy":"post_tag","embeddable":true,"href":"https:\/\/www.todoeldia.com\/index.php\/wp-json\/wp\/v2\/tags?post=70869"}],"curies":[{"name":"wp","href":"https:\/\/api.w.org\/{rel}","templated":true}]}}