{"id":70920,"date":"2024-01-08T14:06:27","date_gmt":"2024-01-08T17:06:27","guid":{"rendered":"https:\/\/www.todoeldia.com\/?p=70920"},"modified":"2024-01-08T14:08:28","modified_gmt":"2024-01-08T17:08:28","slug":"una-mujer-de-68-anos-es-la-victima-arrollada-por-el-tren-urbano-en-estacion-alvarado","status":"publish","type":"post","link":"https:\/\/www.todoeldia.com\/index.php\/2024\/01\/08\/una-mujer-de-68-anos-es-la-victima-arrollada-por-el-tren-urbano-en-estacion-alvarado\/","title":{"rendered":"Una mujer de 68 a\u00f1os es la victima arrollada por el tren urbano en Estaci\u00f3n Alvarado"},"content":{"rendered":"\n<p>Ocurri\u00f3 a primera hora de la ma\u00f1ana, donde tras el siniestro, una mujer de 68 a\u00f1os perdi\u00f3 la vida. En el lugar trabaj\u00f3 personal del Destacamento Docente y Criminal\u00edstica bajo la direcci\u00f3n de la Unidad de Graves Atentados contra las Personas N\u00b0 1.<\/p>\n\n\n\n<figure class=\"wp-block-image size-large is-resized\"><img loading=\"lazy\" decoding=\"async\" width=\"1024\" height=\"358\" src=\"https:\/\/www.todoeldia.com\/wp-content\/uploads\/2024\/01\/mujer-muerta-por-el-tren-1-1024x358.jpg\" alt=\"\" class=\"wp-image-70821\" style=\"width:1068px;height:auto\" srcset=\"https:\/\/www.todoeldia.com\/wp-content\/uploads\/2024\/01\/mujer-muerta-por-el-tren-1-1024x358.jpg 1024w, https:\/\/www.todoeldia.com\/wp-content\/uploads\/2024\/01\/mujer-muerta-por-el-tren-1-300x105.jpg 300w, https:\/\/www.todoeldia.com\/wp-content\/uploads\/2024\/01\/mujer-muerta-por-el-tren-1-768x269.jpg 768w, https:\/\/www.todoeldia.com\/wp-content\/uploads\/2024\/01\/mujer-muerta-por-el-tren-1-696x244.jpg 696w, https:\/\/www.todoeldia.com\/wp-content\/uploads\/2024\/01\/mujer-muerta-por-el-tren-1-1068x374.jpg 1068w, https:\/\/www.todoeldia.com\/wp-content\/uploads\/2024\/01\/mujer-muerta-por-el-tren-1-1200x420.jpg 1200w, https:\/\/www.todoeldia.com\/wp-content\/uploads\/2024\/01\/mujer-muerta-por-el-tren-1.jpg 1283w\" sizes=\"auto, (max-width: 1024px) 100vw, 1024px\" \/><\/figure>\n\n\n\n<p>Esta ma\u00f1ana, alrededor de las 07:15 alertaron al Sistema de Emergencias 9-1-1 sobre una persona que habr\u00eda sido atropellada por un tren de pasajeros en inmediaciones al cruce de la Ruta Nacional N\u00b0 51 y v\u00edas F\u00e9rreas. En consecuencia, los efectivos del Destacamento Docente se desplazaron al lugar donde constataron la presencia de la persona damnificada y la formaci\u00f3n ferroviaria que transportaba pasajeros.<\/p>\n\n\n\n<p>En el lugar, personal de SAMEC constat\u00f3 el deceso de la v\u00edctima, identificada como  <strong>Ana Mar\u00eda Mezanza<\/strong>, de 68 a\u00f1os una vecina cercana a la zona, ya que se domiciliaba en\u00a0<strong>Barrio Santa Ana II<\/strong>. Tambi\u00e9n trabaj\u00f3, personal del Cuerpo de Investigadores Fiscales en la documentaci\u00f3n de la escena del hecho.<\/p>\n\n\n\n<p>Por el hecho, tom\u00f3 intervenci\u00f3n la Unidad de Graves Atentados contra las Personas N\u00b0 1 y la UFEM.<\/p>\n","protected":false},"excerpt":{"rendered":"<p>Ocurri\u00f3 a primera hora de la ma\u00f1ana, donde tras el siniestro, una mujer de 68 a\u00f1os perdi\u00f3 la vida. En el lugar trabaj\u00f3 personal del Destacamento Docente y Criminal\u00edstica bajo la direcci\u00f3n de la Unidad de Graves Atentados contra las Personas N\u00b0 1. Esta ma\u00f1ana, alrededor de las 07:15 alertaron al Sistema de Emergencias 9-1-1 [&hellip;]<\/p>\n","protected":false},"author":2,"featured_media":70822,"comment_status":"open","ping_status":"open","sticky":false,"template":"","format":"standard","meta":{"tdm_status":"","tdm_grid_status":"","_joinchat":[],"footnotes":""},"categories":[63],"tags":[],"class_list":{"0":"post-70920","1":"post","2":"type-post","3":"status-publish","4":"format-standard","5":"has-post-thumbnail","7":"category-policiales"},"amp_enabled":true,"_links":{"self":[{"href":"https:\/\/www.todoeldia.com\/index.php\/wp-json\/wp\/v2\/posts\/70920","targetHints":{"allow":["GET"]}}],"collection":[{"href":"https:\/\/www.todoeldia.com\/index.php\/wp-json\/wp\/v2\/posts"}],"about":[{"href":"https:\/\/www.todoeldia.com\/index.php\/wp-json\/wp\/v2\/types\/post"}],"author":[{"embeddable":true,"href":"https:\/\/www.todoeldia.com\/index.php\/wp-json\/wp\/v2\/users\/2"}],"replies":[{"embeddable":true,"href":"https:\/\/www.todoeldia.com\/index.php\/wp-json\/wp\/v2\/comments?post=70920"}],"version-history":[{"count":2,"href":"https:\/\/www.todoeldia.com\/index.php\/wp-json\/wp\/v2\/posts\/70920\/revisions"}],"predecessor-version":[{"id":70923,"href":"https:\/\/www.todoeldia.com\/index.php\/wp-json\/wp\/v2\/posts\/70920\/revisions\/70923"}],"wp:featuredmedia":[{"embeddable":true,"href":"https:\/\/www.todoeldia.com\/index.php\/wp-json\/wp\/v2\/media\/70822"}],"wp:attachment":[{"href":"https:\/\/www.todoeldia.com\/index.php\/wp-json\/wp\/v2\/media?parent=70920"}],"wp:term":[{"taxonomy":"category","embeddable":true,"href":"https:\/\/www.todoeldia.com\/index.php\/wp-json\/wp\/v2\/categories?post=70920"},{"taxonomy":"post_tag","embeddable":true,"href":"https:\/\/www.todoeldia.com\/index.php\/wp-json\/wp\/v2\/tags?post=70920"}],"curies":[{"name":"wp","href":"https:\/\/api.w.org\/{rel}","templated":true}]}}