{"id":70927,"date":"2024-01-09T09:16:12","date_gmt":"2024-01-09T12:16:12","guid":{"rendered":"https:\/\/www.todoeldia.com\/?p=70927"},"modified":"2024-01-09T09:16:12","modified_gmt":"2024-01-09T12:16:12","slug":"murio-un-motociclista-en-un-accidente-en-el-que-chocaron-dos-camiones-de-frente-en-rio-piedras","status":"publish","type":"post","link":"https:\/\/www.todoeldia.com\/index.php\/2024\/01\/09\/murio-un-motociclista-en-un-accidente-en-el-que-chocaron-dos-camiones-de-frente-en-rio-piedras\/","title":{"rendered":"Muri\u00f3 un motociclista en un accidente en el que chocaron dos camiones de frente en Rio Piedras"},"content":{"rendered":"\n<p>Alrededor de las 05:00 alertaron al Centro de Coordinaci\u00f3n Operativa de Met\u00e1n sobre un siniestro vial en el kil\u00f3metro 1486 de Ruta Nacional N\u00b0 9\/34, en inmediaciones a la localidad de R\u00edo Piedras. Al lugar, en primera instancia se desplazaron efectivos del Destacamento R\u00edo Piedras y de la Secci\u00f3n Seguridad Vial quienes constataron tres veh\u00edculos siniestrados.<\/p>\n\n\n\n<p>Conforme al relevamiento, los protagonistas fueron dos camiones que circulaban en sentido contrario, y una motocicleta de la que se desconoce el sentido de circulaci\u00f3n. Tras el siniestro, el conductor de la moto perdi\u00f3 la vida en el lugar.<\/p>\n\n\n\n<p>En este contexto, personal de Seguridad Vial trabaj\u00f3 en torno a la se\u00f1alizaci\u00f3n del lugar y ordenamientos vehicular, mientras que la Divisi\u00f3n Bomberos en la extracci\u00f3n del conductor de uno de los camiones y limpieza de la calzada. Por su parte, el Grupo T\u00e9cnico Criminal\u00edstica realiz\u00f3 la documentaci\u00f3n de la escena del hecho.<\/p>\n\n\n\n<p>En tanto, los ocupantes de los veh\u00edculos de mayor porte, fueron asistidos por profesionales de la salud y trasladados hacia el hospital de Met\u00e1n.<\/p>\n\n\n\n<p>Todas las tareas fueron dirigidas por la Fiscal\u00eda Penal de turno.<\/p>\n","protected":false},"excerpt":{"rendered":"<p>Alrededor de las 05:00 alertaron al Centro de Coordinaci\u00f3n Operativa de Met\u00e1n sobre un siniestro vial en el kil\u00f3metro 1486 de Ruta Nacional N\u00b0 9\/34, en inmediaciones a la localidad de R\u00edo Piedras. Al lugar, en primera instancia se desplazaron efectivos del Destacamento R\u00edo Piedras y de la Secci\u00f3n Seguridad Vial quienes constataron tres veh\u00edculos [&hellip;]<\/p>\n","protected":false},"author":2,"featured_media":70928,"comment_status":"open","ping_status":"open","sticky":false,"template":"","format":"standard","meta":{"tdm_status":"","tdm_grid_status":"","_joinchat":[],"footnotes":""},"categories":[63],"tags":[],"class_list":{"0":"post-70927","1":"post","2":"type-post","3":"status-publish","4":"format-standard","5":"has-post-thumbnail","7":"category-policiales"},"amp_enabled":true,"_links":{"self":[{"href":"https:\/\/www.todoeldia.com\/index.php\/wp-json\/wp\/v2\/posts\/70927","targetHints":{"allow":["GET"]}}],"collection":[{"href":"https:\/\/www.todoeldia.com\/index.php\/wp-json\/wp\/v2\/posts"}],"about":[{"href":"https:\/\/www.todoeldia.com\/index.php\/wp-json\/wp\/v2\/types\/post"}],"author":[{"embeddable":true,"href":"https:\/\/www.todoeldia.com\/index.php\/wp-json\/wp\/v2\/users\/2"}],"replies":[{"embeddable":true,"href":"https:\/\/www.todoeldia.com\/index.php\/wp-json\/wp\/v2\/comments?post=70927"}],"version-history":[{"count":1,"href":"https:\/\/www.todoeldia.com\/index.php\/wp-json\/wp\/v2\/posts\/70927\/revisions"}],"predecessor-version":[{"id":70929,"href":"https:\/\/www.todoeldia.com\/index.php\/wp-json\/wp\/v2\/posts\/70927\/revisions\/70929"}],"wp:featuredmedia":[{"embeddable":true,"href":"https:\/\/www.todoeldia.com\/index.php\/wp-json\/wp\/v2\/media\/70928"}],"wp:attachment":[{"href":"https:\/\/www.todoeldia.com\/index.php\/wp-json\/wp\/v2\/media?parent=70927"}],"wp:term":[{"taxonomy":"category","embeddable":true,"href":"https:\/\/www.todoeldia.com\/index.php\/wp-json\/wp\/v2\/categories?post=70927"},{"taxonomy":"post_tag","embeddable":true,"href":"https:\/\/www.todoeldia.com\/index.php\/wp-json\/wp\/v2\/tags?post=70927"}],"curies":[{"name":"wp","href":"https:\/\/api.w.org\/{rel}","templated":true}]}}