{"id":70930,"date":"2024-01-09T09:56:35","date_gmt":"2024-01-09T12:56:35","guid":{"rendered":"https:\/\/www.todoeldia.com\/?p=70930"},"modified":"2024-01-09T09:56:35","modified_gmt":"2024-01-09T12:56:35","slug":"lo-rociaron-con-alcohol-y-le-prendieron-fuego-mientras-dormia-en-los-blancos","status":"publish","type":"post","link":"https:\/\/www.todoeldia.com\/index.php\/2024\/01\/09\/lo-rociaron-con-alcohol-y-le-prendieron-fuego-mientras-dormia-en-los-blancos\/","title":{"rendered":"Lo rociaron con alcohol y le prendieron fuego mientras dorm\u00eda en Los Blancos"},"content":{"rendered":"\n<p>El hecho ocurri\u00f3 el pasado jueves por la tarde, cuando en circunstancias que se investigan, el acusado le habr\u00eda prendido fuego a un hombre que dormitaba tras haber ingerido bebidas alcoh\u00f3licas. Fue detenido luego en un paraje donde intentaba ocultarse.<\/p>\n\n\n\n<p>El fiscal penal de la Unidad de Graves Atentados contra las Personas de Tartagal en feria, Gonzalo Vega, imput\u00f3 de forma provisional a un hombre de 38 a\u00f1os como autor del delito de tentativa de homicidio en perjuicio de un hombre de 22 a\u00f1os.<\/p>\n\n\n\n<p>Tras la audiencia de imputaci\u00f3n, desde la Fiscal\u00eda se solicit\u00f3 que permanezca detenido.<\/p>\n\n\n\n<p>El hecho investigado ocurri\u00f3 durante la tarde del pasado jueves en la localidad de Los Blancos, donde un hombre de 22 a\u00f1os, quien dormitaba tras haber ingerido bebidas alcoh\u00f3licas, sufri\u00f3 quemaduras en el 80% de su cuerpo luego de que una persona lo rociara con alcohol y le prendiera fuego por razones que se investigan.<\/p>\n\n\n\n<p>El damnificado fue trasladado al hospital de Or\u00e1n para una mejor asistencia y con el trabajo desplegado por personal de la Unidad de Investigaci\u00f3n UGAP Tartagal, se logr\u00f3 individualizar al sospechoso, quien tras el hecho hab\u00eda huido hacia un paraje cercano, donde fue detenido.<\/p>\n","protected":false},"excerpt":{"rendered":"<p>El hecho ocurri\u00f3 el pasado jueves por la tarde, cuando en circunstancias que se investigan, el acusado le habr\u00eda prendido fuego a un hombre que dormitaba tras haber ingerido bebidas alcoh\u00f3licas. Fue detenido luego en un paraje donde intentaba ocultarse. El fiscal penal de la Unidad de Graves Atentados contra las Personas de Tartagal en [&hellip;]<\/p>\n","protected":false},"author":2,"featured_media":46274,"comment_status":"open","ping_status":"open","sticky":false,"template":"","format":"standard","meta":{"tdm_status":"","tdm_grid_status":"","_joinchat":[],"footnotes":""},"categories":[63],"tags":[],"class_list":{"0":"post-70930","1":"post","2":"type-post","3":"status-publish","4":"format-standard","5":"has-post-thumbnail","7":"category-policiales"},"amp_enabled":true,"_links":{"self":[{"href":"https:\/\/www.todoeldia.com\/index.php\/wp-json\/wp\/v2\/posts\/70930","targetHints":{"allow":["GET"]}}],"collection":[{"href":"https:\/\/www.todoeldia.com\/index.php\/wp-json\/wp\/v2\/posts"}],"about":[{"href":"https:\/\/www.todoeldia.com\/index.php\/wp-json\/wp\/v2\/types\/post"}],"author":[{"embeddable":true,"href":"https:\/\/www.todoeldia.com\/index.php\/wp-json\/wp\/v2\/users\/2"}],"replies":[{"embeddable":true,"href":"https:\/\/www.todoeldia.com\/index.php\/wp-json\/wp\/v2\/comments?post=70930"}],"version-history":[{"count":1,"href":"https:\/\/www.todoeldia.com\/index.php\/wp-json\/wp\/v2\/posts\/70930\/revisions"}],"predecessor-version":[{"id":70931,"href":"https:\/\/www.todoeldia.com\/index.php\/wp-json\/wp\/v2\/posts\/70930\/revisions\/70931"}],"wp:featuredmedia":[{"embeddable":true,"href":"https:\/\/www.todoeldia.com\/index.php\/wp-json\/wp\/v2\/media\/46274"}],"wp:attachment":[{"href":"https:\/\/www.todoeldia.com\/index.php\/wp-json\/wp\/v2\/media?parent=70930"}],"wp:term":[{"taxonomy":"category","embeddable":true,"href":"https:\/\/www.todoeldia.com\/index.php\/wp-json\/wp\/v2\/categories?post=70930"},{"taxonomy":"post_tag","embeddable":true,"href":"https:\/\/www.todoeldia.com\/index.php\/wp-json\/wp\/v2\/tags?post=70930"}],"curies":[{"name":"wp","href":"https:\/\/api.w.org\/{rel}","templated":true}]}}