{"id":70932,"date":"2024-01-09T11:57:20","date_gmt":"2024-01-09T14:57:20","guid":{"rendered":"https:\/\/www.todoeldia.com\/?p=70932"},"modified":"2024-01-09T11:57:20","modified_gmt":"2024-01-09T14:57:20","slug":"en-tartagal-entro-a-una-peluqueria-dejo-la-moto-en-la-vereda-y-se-la-afano-un-familiar","status":"publish","type":"post","link":"https:\/\/www.todoeldia.com\/index.php\/2024\/01\/09\/en-tartagal-entro-a-una-peluqueria-dejo-la-moto-en-la-vereda-y-se-la-afano-un-familiar\/","title":{"rendered":"En Tartagal entro a una peluquer\u00eda dejo la moto en la vereda y se la afan\u00f3 un familiar"},"content":{"rendered":"\n<p>El damnificado dej\u00f3 su rodado estacionado en la v\u00eda p\u00fablica y luego de publicar el hecho en redes sociales y recibir llamados con informaci\u00f3n, supo que un familiar la hab\u00eda sustra\u00eddo.<\/p>\n\n\n\n<p>El fiscal penal Gonzalo Vega, interino en la Fiscal\u00eda Penal 2 de Tartagal en feria, imput\u00f3 de forma provisional a un hombre de 25 a\u00f1os como autor del delito de robo calificado en circunstancias de hurto calificado.<\/p>\n\n\n\n<p>Tras la audiencia de imputaci\u00f3n, desde la Fiscal\u00eda se solicit\u00f3 que el acusado permanezca detenido.<\/p>\n\n\n\n<p>El hecho ocurri\u00f3 el pasado 5 de enero, cuando un hombre dej\u00f3 una motocicleta estacionada afuera de una peluquer\u00eda y al detectar que fue sustra\u00edda, realiz\u00f3 publicaciones en redes sociales.<\/p>\n\n\n\n<p>Recibi\u00f3 numerosos llamados y mensajes aportando datos, hasta que supo que un familiar se habr\u00eda llevado el rodado tras violentar las medidas de seguridad. La motocicleta fue recuperada y el sospechoso detenido.<\/p>\n","protected":false},"excerpt":{"rendered":"<p>El damnificado dej\u00f3 su rodado estacionado en la v\u00eda p\u00fablica y luego de publicar el hecho en redes sociales y recibir llamados con informaci\u00f3n, supo que un familiar la hab\u00eda sustra\u00eddo. El fiscal penal Gonzalo Vega, interino en la Fiscal\u00eda Penal 2 de Tartagal en feria, imput\u00f3 de forma provisional a un hombre de 25 [&hellip;]<\/p>\n","protected":false},"author":2,"featured_media":62939,"comment_status":"open","ping_status":"open","sticky":false,"template":"","format":"standard","meta":{"tdm_status":"","tdm_grid_status":"","_joinchat":[],"footnotes":""},"categories":[63],"tags":[],"class_list":{"0":"post-70932","1":"post","2":"type-post","3":"status-publish","4":"format-standard","5":"has-post-thumbnail","7":"category-policiales"},"amp_enabled":true,"_links":{"self":[{"href":"https:\/\/www.todoeldia.com\/index.php\/wp-json\/wp\/v2\/posts\/70932","targetHints":{"allow":["GET"]}}],"collection":[{"href":"https:\/\/www.todoeldia.com\/index.php\/wp-json\/wp\/v2\/posts"}],"about":[{"href":"https:\/\/www.todoeldia.com\/index.php\/wp-json\/wp\/v2\/types\/post"}],"author":[{"embeddable":true,"href":"https:\/\/www.todoeldia.com\/index.php\/wp-json\/wp\/v2\/users\/2"}],"replies":[{"embeddable":true,"href":"https:\/\/www.todoeldia.com\/index.php\/wp-json\/wp\/v2\/comments?post=70932"}],"version-history":[{"count":1,"href":"https:\/\/www.todoeldia.com\/index.php\/wp-json\/wp\/v2\/posts\/70932\/revisions"}],"predecessor-version":[{"id":70933,"href":"https:\/\/www.todoeldia.com\/index.php\/wp-json\/wp\/v2\/posts\/70932\/revisions\/70933"}],"wp:featuredmedia":[{"embeddable":true,"href":"https:\/\/www.todoeldia.com\/index.php\/wp-json\/wp\/v2\/media\/62939"}],"wp:attachment":[{"href":"https:\/\/www.todoeldia.com\/index.php\/wp-json\/wp\/v2\/media?parent=70932"}],"wp:term":[{"taxonomy":"category","embeddable":true,"href":"https:\/\/www.todoeldia.com\/index.php\/wp-json\/wp\/v2\/categories?post=70932"},{"taxonomy":"post_tag","embeddable":true,"href":"https:\/\/www.todoeldia.com\/index.php\/wp-json\/wp\/v2\/tags?post=70932"}],"curies":[{"name":"wp","href":"https:\/\/api.w.org\/{rel}","templated":true}]}}