{"id":70937,"date":"2024-01-09T12:27:54","date_gmt":"2024-01-09T15:27:54","guid":{"rendered":"https:\/\/www.todoeldia.com\/?p=70937"},"modified":"2024-01-09T12:27:55","modified_gmt":"2024-01-09T15:27:55","slug":"se-robaron-una-moto-en-apolinario-saravia-y-los-agarro-la-policia-en-las-lajitas","status":"publish","type":"post","link":"https:\/\/www.todoeldia.com\/index.php\/2024\/01\/09\/se-robaron-una-moto-en-apolinario-saravia-y-los-agarro-la-policia-en-las-lajitas\/","title":{"rendered":"Se robaron una moto en Apolinario Saravia y los agarro la polic\u00eda en Las Lajitas"},"content":{"rendered":"\n<p>El rodado fue sustra\u00eddo desde la vereda de un hotel y los acusados fueron encontrados en Las Lajitas, cuando la transportaban. Uno de los acusados es mayor de edad y el otro es un menor de 17 a\u00f1os.<\/p>\n\n\n\n<p>La fiscal penal de Joaqu\u00edn V. Gonz\u00e1lez en feria, Mar\u00eda Celeste Garc\u00eda Pisacic, a trav\u00e9s de la delegaci\u00f3n Apolinario Saravia, imput\u00f3 de forma provisional a un hombre de 23 a\u00f1os como autor del delito de hurto agravado de veh\u00edculo dejado en la v\u00eda p\u00fablica con la participaci\u00f3n de un menor de edad y a un menor de 17 a\u00f1os como autor del delito de hurto agravado de veh\u00edculo dejado en la v\u00eda p\u00fablica.<\/p>\n\n\n\n<p>El hecho ocurri\u00f3 en la localidad de Apolinario Saravia, cuando un hombre dej\u00f3 estacionado el rodado en la vereda de un hotel y durante la madrugada de percat\u00f3 de que hab\u00eda sido sustra\u00edda.<\/p>\n\n\n\n<p>Del an\u00e1lisis de c\u00e1maras de seguridad y otras tareas realizadas por personal de la Brigada de Investigaciones, se identific\u00f3 a los dos acusados como sospechosos del il\u00edcito y su detenci\u00f3n se produjo luego en Las Lajitas, donde personal policial los encontr\u00f3 trasladando el rodado cuya procedencia no pudieron justificar.<\/p>\n\n\n\n<p>Tras la audiencia de imputaci\u00f3n se solicit\u00f3 que el imputado mayor de edad permanezca detenido y se dio intervenci\u00f3n al Juzgado de Menores en feria por el adolescente involucrado.<\/p>\n","protected":false},"excerpt":{"rendered":"<p>El rodado fue sustra\u00eddo desde la vereda de un hotel y los acusados fueron encontrados en Las Lajitas, cuando la transportaban. Uno de los acusados es mayor de edad y el otro es un menor de 17 a\u00f1os. La fiscal penal de Joaqu\u00edn V. Gonz\u00e1lez en feria, Mar\u00eda Celeste Garc\u00eda Pisacic, a trav\u00e9s de la [&hellip;]<\/p>\n","protected":false},"author":2,"featured_media":70938,"comment_status":"open","ping_status":"open","sticky":false,"template":"","format":"standard","meta":{"tdm_status":"","tdm_grid_status":"","_joinchat":[],"footnotes":""},"categories":[63],"tags":[],"class_list":{"0":"post-70937","1":"post","2":"type-post","3":"status-publish","4":"format-standard","5":"has-post-thumbnail","7":"category-policiales"},"amp_enabled":true,"_links":{"self":[{"href":"https:\/\/www.todoeldia.com\/index.php\/wp-json\/wp\/v2\/posts\/70937","targetHints":{"allow":["GET"]}}],"collection":[{"href":"https:\/\/www.todoeldia.com\/index.php\/wp-json\/wp\/v2\/posts"}],"about":[{"href":"https:\/\/www.todoeldia.com\/index.php\/wp-json\/wp\/v2\/types\/post"}],"author":[{"embeddable":true,"href":"https:\/\/www.todoeldia.com\/index.php\/wp-json\/wp\/v2\/users\/2"}],"replies":[{"embeddable":true,"href":"https:\/\/www.todoeldia.com\/index.php\/wp-json\/wp\/v2\/comments?post=70937"}],"version-history":[{"count":1,"href":"https:\/\/www.todoeldia.com\/index.php\/wp-json\/wp\/v2\/posts\/70937\/revisions"}],"predecessor-version":[{"id":70939,"href":"https:\/\/www.todoeldia.com\/index.php\/wp-json\/wp\/v2\/posts\/70937\/revisions\/70939"}],"wp:featuredmedia":[{"embeddable":true,"href":"https:\/\/www.todoeldia.com\/index.php\/wp-json\/wp\/v2\/media\/70938"}],"wp:attachment":[{"href":"https:\/\/www.todoeldia.com\/index.php\/wp-json\/wp\/v2\/media?parent=70937"}],"wp:term":[{"taxonomy":"category","embeddable":true,"href":"https:\/\/www.todoeldia.com\/index.php\/wp-json\/wp\/v2\/categories?post=70937"},{"taxonomy":"post_tag","embeddable":true,"href":"https:\/\/www.todoeldia.com\/index.php\/wp-json\/wp\/v2\/tags?post=70937"}],"curies":[{"name":"wp","href":"https:\/\/api.w.org\/{rel}","templated":true}]}}