{"id":70960,"date":"2024-01-09T22:37:13","date_gmt":"2024-01-10T01:37:13","guid":{"rendered":"https:\/\/www.todoeldia.com\/?p=70960"},"modified":"2024-01-09T22:41:18","modified_gmt":"2024-01-10T01:41:18","slug":"desde-punta-alejandra-maglietti-paraliza-el-off-white-ultra-shortcitos-al-ras-westerncore-y-mas","status":"publish","type":"post","link":"https:\/\/www.todoeldia.com\/index.php\/2024\/01\/09\/desde-punta-alejandra-maglietti-paraliza-el-off-white-ultra-shortcitos-al-ras-westerncore-y-mas\/","title":{"rendered":"Desde Punta, Alejandra Maglietti paraliza el off-white: ultra shortcitos al ras, westerncore y m\u00e1s"},"content":{"rendered":"\n<p>Los espectadores quedaron sin aliento con el look off-white m\u00e1s atrevido de Alejandra Maglietti en Punta del Este.<\/p>\n\n\n\n<p>Alejandra Maglietti sigue prendiendo fuego las redes sociales y causando sensaci\u00f3n con su desfile de looks veraniegos desde Punta del Este.<\/p>\n\n\n\n<figure class=\"wp-block-image size-large is-resized\"><img loading=\"lazy\" decoding=\"async\" width=\"820\" height=\"1024\" src=\"https:\/\/www.todoeldia.com\/wp-content\/uploads\/2024\/01\/alejandra-maglietti-short-820x1024.webp\" alt=\"\" class=\"wp-image-70962\" style=\"width:1068px;height:auto\" srcset=\"https:\/\/www.todoeldia.com\/wp-content\/uploads\/2024\/01\/alejandra-maglietti-short-820x1024.webp 820w, https:\/\/www.todoeldia.com\/wp-content\/uploads\/2024\/01\/alejandra-maglietti-short-240x300.webp 240w, https:\/\/www.todoeldia.com\/wp-content\/uploads\/2024\/01\/alejandra-maglietti-short-768x959.webp 768w, https:\/\/www.todoeldia.com\/wp-content\/uploads\/2024\/01\/alejandra-maglietti-short-300x375.webp 300w, https:\/\/www.todoeldia.com\/wp-content\/uploads\/2024\/01\/alejandra-maglietti-short-696x869.webp 696w, https:\/\/www.todoeldia.com\/wp-content\/uploads\/2024\/01\/alejandra-maglietti-short-1068x1334.webp 1068w, https:\/\/www.todoeldia.com\/wp-content\/uploads\/2024\/01\/alejandra-maglietti-short-336x420.webp 336w, https:\/\/www.todoeldia.com\/wp-content\/uploads\/2024\/01\/alejandra-maglietti-short.webp 1200w\" sizes=\"auto, (max-width: 820px) 100vw, 820px\" \/><\/figure>\n\n\n\n<p>Como no pod\u00eda ser de otra manera, Alejandra Maglietti se sum\u00f3 a la troupe de famosas que llegaron a Uruguay para disfrutar de unas vacaciones a pura moda.<\/p>\n\n\n\n<p>La diosa ha asistido a las fiestas m\u00e1s exclusivas, eligiendo para su outfit el color tendencia de la temporada primavera verano 2024: el off white.<\/p>\n\n\n\n<figure class=\"wp-block-image size-full is-resized\"><img loading=\"lazy\" decoding=\"async\" width=\"683\" height=\"850\" src=\"https:\/\/www.todoeldia.com\/wp-content\/uploads\/2024\/01\/alejandra-maglietti-tanga.jpg\" alt=\"\" class=\"wp-image-70963\" style=\"width:1068px;height:auto\" srcset=\"https:\/\/www.todoeldia.com\/wp-content\/uploads\/2024\/01\/alejandra-maglietti-tanga.jpg 683w, https:\/\/www.todoeldia.com\/wp-content\/uploads\/2024\/01\/alejandra-maglietti-tanga-241x300.jpg 241w, https:\/\/www.todoeldia.com\/wp-content\/uploads\/2024\/01\/alejandra-maglietti-tanga-300x373.jpg 300w, https:\/\/www.todoeldia.com\/wp-content\/uploads\/2024\/01\/alejandra-maglietti-tanga-337x420.jpg 337w\" sizes=\"auto, (max-width: 683px) 100vw, 683px\" \/><\/figure>\n\n\n\n<p>En esta oportunidad, Alejandra Maglietti lo llev\u00f3 en un conjunto de inspiraci\u00f3n &#8220;westerncore&#8221; resaltando sus piernas con shortcitos desflecados ultra XXS, camisa anudada y las infaltables botas texanas.<\/p>\n\n\n\n<p>Alejandra Maglietti apuesta por la tendencia furor del verano provocando un terremoto en las redes sociales con su lomazo impactante.<\/p>\n\n\n\n<p>La rubia fue por todo y se la jug\u00f3 como ninguna luciendo una de las bikinis taparrabos m\u00e1s llamativas y sexys de la temporada.<\/p>\n","protected":false},"excerpt":{"rendered":"<p>Los espectadores quedaron sin aliento con el look off-white m\u00e1s atrevido de Alejandra Maglietti en Punta del Este. Alejandra Maglietti sigue prendiendo fuego las redes sociales y causando sensaci\u00f3n con su desfile de looks veraniegos desde Punta del Este. Como no pod\u00eda ser de otra manera, Alejandra Maglietti se sum\u00f3 a la troupe de famosas [&hellip;]<\/p>\n","protected":false},"author":2,"featured_media":70961,"comment_status":"open","ping_status":"open","sticky":false,"template":"","format":"standard","meta":{"tdm_status":"","tdm_grid_status":"","_joinchat":[],"footnotes":""},"categories":[120],"tags":[],"class_list":{"0":"post-70960","1":"post","2":"type-post","3":"status-publish","4":"format-standard","5":"has-post-thumbnail","7":"category-espectaculos-2"},"amp_enabled":true,"_links":{"self":[{"href":"https:\/\/www.todoeldia.com\/index.php\/wp-json\/wp\/v2\/posts\/70960","targetHints":{"allow":["GET"]}}],"collection":[{"href":"https:\/\/www.todoeldia.com\/index.php\/wp-json\/wp\/v2\/posts"}],"about":[{"href":"https:\/\/www.todoeldia.com\/index.php\/wp-json\/wp\/v2\/types\/post"}],"author":[{"embeddable":true,"href":"https:\/\/www.todoeldia.com\/index.php\/wp-json\/wp\/v2\/users\/2"}],"replies":[{"embeddable":true,"href":"https:\/\/www.todoeldia.com\/index.php\/wp-json\/wp\/v2\/comments?post=70960"}],"version-history":[{"count":1,"href":"https:\/\/www.todoeldia.com\/index.php\/wp-json\/wp\/v2\/posts\/70960\/revisions"}],"predecessor-version":[{"id":70964,"href":"https:\/\/www.todoeldia.com\/index.php\/wp-json\/wp\/v2\/posts\/70960\/revisions\/70964"}],"wp:featuredmedia":[{"embeddable":true,"href":"https:\/\/www.todoeldia.com\/index.php\/wp-json\/wp\/v2\/media\/70961"}],"wp:attachment":[{"href":"https:\/\/www.todoeldia.com\/index.php\/wp-json\/wp\/v2\/media?parent=70960"}],"wp:term":[{"taxonomy":"category","embeddable":true,"href":"https:\/\/www.todoeldia.com\/index.php\/wp-json\/wp\/v2\/categories?post=70960"},{"taxonomy":"post_tag","embeddable":true,"href":"https:\/\/www.todoeldia.com\/index.php\/wp-json\/wp\/v2\/tags?post=70960"}],"curies":[{"name":"wp","href":"https:\/\/api.w.org\/{rel}","templated":true}]}}