{"id":70969,"date":"2024-01-09T22:57:26","date_gmt":"2024-01-10T01:57:26","guid":{"rendered":"https:\/\/www.todoeldia.com\/?p=70969"},"modified":"2024-01-09T22:57:27","modified_gmt":"2024-01-10T01:57:27","slug":"ecuador-violento-delincuentes-encapuchados-y-armados-tomaron-por-asalto-un-canal-de-television","status":"publish","type":"post","link":"https:\/\/www.todoeldia.com\/index.php\/2024\/01\/09\/ecuador-violento-delincuentes-encapuchados-y-armados-tomaron-por-asalto-un-canal-de-television\/","title":{"rendered":"Ecuador violento: delincuentes encapuchados y armados tomaron por asalto un canal de televisi\u00f3n"},"content":{"rendered":"\n<p>En las im\u00e1genes se puede ver a los encapuchados que manten\u00edan en el piso a trabajadores del canal a quienes exig\u00edan que pidan en directo a la Polic\u00eda que se retire del lugar. Tras varios minutos de tensi\u00f3n, la Polic\u00eda logr\u00f3 entrar al lugar y detener a los violentos.<\/p>\n\n\n\n<p>Delincuentes encapuchados y armados ingresaron por asalto al canal de televisi\u00f3n TC, en Guayaquil, y sometieron a su personal durante una transmisi\u00f3n en vivo en Ecuador.<\/p>\n\n\n\n<p>En las im\u00e1genes en vivo se observaba a varios encapuchados con armas que manten\u00edan en el piso a trabajadores del canal a quienes exig\u00edan que pidan en directo a la Polic\u00eda que se retire del lugar.<\/p>\n\n\n\n<p>Operativo policial<\/p>\n\n\n\n<p>La Polic\u00eda de Ecuador confirm\u00f3 que despleg\u00f3 &#8220;unidades especializadas&#8221; a las afueras del canal de televisi\u00f3n TC, luego de que hombres armados sometieran al personal del medio durante una transmisi\u00f3n en vivo.<\/p>\n\n\n\n<p>&#8220;Ante el ingreso de delincuentes a las instalaciones de un medio de comunicaci\u00f3n en #GYE, nuestras unidades especializadas se encuentran desplegadas en el lugar para atender esta emergencia&#8221;, inform\u00f3 la Polic\u00eda en un su cuenta de X.<\/p>\n\n\n\n<p>Pasadas las 14:45 (16:45 de Argentina), miembros de la Polic\u00eda ingresaron a la se\u00f1al de televisi\u00f3n de TC Televisi\u00f3n, rescataron al personal de la emisora y detuvieron a algunos miembros del grupo armado que protagoniz\u00f3 la toma.<\/p>\n","protected":false},"excerpt":{"rendered":"<p>En las im\u00e1genes se puede ver a los encapuchados que manten\u00edan en el piso a trabajadores del canal a quienes exig\u00edan que pidan en directo a la Polic\u00eda que se retire del lugar. Tras varios minutos de tensi\u00f3n, la Polic\u00eda logr\u00f3 entrar al lugar y detener a los violentos. Delincuentes encapuchados y armados ingresaron por [&hellip;]<\/p>\n","protected":false},"author":2,"featured_media":70970,"comment_status":"open","ping_status":"open","sticky":false,"template":"","format":"standard","meta":{"tdm_status":"","tdm_grid_status":"","_joinchat":[],"footnotes":""},"categories":[63],"tags":[],"class_list":{"0":"post-70969","1":"post","2":"type-post","3":"status-publish","4":"format-standard","5":"has-post-thumbnail","7":"category-policiales"},"amp_enabled":true,"_links":{"self":[{"href":"https:\/\/www.todoeldia.com\/index.php\/wp-json\/wp\/v2\/posts\/70969","targetHints":{"allow":["GET"]}}],"collection":[{"href":"https:\/\/www.todoeldia.com\/index.php\/wp-json\/wp\/v2\/posts"}],"about":[{"href":"https:\/\/www.todoeldia.com\/index.php\/wp-json\/wp\/v2\/types\/post"}],"author":[{"embeddable":true,"href":"https:\/\/www.todoeldia.com\/index.php\/wp-json\/wp\/v2\/users\/2"}],"replies":[{"embeddable":true,"href":"https:\/\/www.todoeldia.com\/index.php\/wp-json\/wp\/v2\/comments?post=70969"}],"version-history":[{"count":1,"href":"https:\/\/www.todoeldia.com\/index.php\/wp-json\/wp\/v2\/posts\/70969\/revisions"}],"predecessor-version":[{"id":70971,"href":"https:\/\/www.todoeldia.com\/index.php\/wp-json\/wp\/v2\/posts\/70969\/revisions\/70971"}],"wp:featuredmedia":[{"embeddable":true,"href":"https:\/\/www.todoeldia.com\/index.php\/wp-json\/wp\/v2\/media\/70970"}],"wp:attachment":[{"href":"https:\/\/www.todoeldia.com\/index.php\/wp-json\/wp\/v2\/media?parent=70969"}],"wp:term":[{"taxonomy":"category","embeddable":true,"href":"https:\/\/www.todoeldia.com\/index.php\/wp-json\/wp\/v2\/categories?post=70969"},{"taxonomy":"post_tag","embeddable":true,"href":"https:\/\/www.todoeldia.com\/index.php\/wp-json\/wp\/v2\/tags?post=70969"}],"curies":[{"name":"wp","href":"https:\/\/api.w.org\/{rel}","templated":true}]}}