{"id":70977,"date":"2024-01-10T11:03:29","date_gmt":"2024-01-10T14:03:29","guid":{"rendered":"https:\/\/www.todoeldia.com\/?p=70977"},"modified":"2024-01-10T14:35:32","modified_gmt":"2024-01-10T17:35:32","slug":"seguiran-detenidos-los-imputados-por-el-crimen-de-majo-cabrera-en-campo-quijano","status":"publish","type":"post","link":"https:\/\/www.todoeldia.com\/index.php\/2024\/01\/10\/seguiran-detenidos-los-imputados-por-el-crimen-de-majo-cabrera-en-campo-quijano\/","title":{"rendered":"Seguir\u00e1n detenidos los imputados por el crimen de Majo Cabrera en Campo Quijano"},"content":{"rendered":"\n<p>La justicia dispuso la prisi\u00f3n preventiva para los dos hermanos acusados de asesinar a Mar\u00eda Jos\u00e9 Cabrera, al arrollarla con un auto a la salida de un boliche en Campo Quijano. La imputaci\u00f3n es por homicidio simple y uno de los sujetos tiene otra causa por abuso sexual.<\/p>\n\n\n\n<p>La jueza de Garant\u00edas 8 en Feria, Claudia Puertas, dispuso la prisi\u00f3n preventiva de los hermanos R. L. y F. J. L., imputados por el delito de homicidio simple en perjuicio de Mar\u00eda Jos\u00e9 Cabrera, hecho ocurrido el 3 de diciembre pasado a la salida de un boliche en Campo Quijano.<\/p>\n\n\n\n<p>La jueza encabez\u00f3 una audiencia flexible y multiprop\u00f3sito fijada en el marco del plan piloto de oralidad por la Oficina de Gesti\u00f3n Judicial de Garant\u00edas (OfiJu).<\/p>\n\n\n\n<p>En la audiencia se dispuso la acumulaci\u00f3n de una causa por abuso sexual donde se encuentra imputado uno de los hermanos.<\/p>\n\n\n\n<p>Al disponer la prisi\u00f3n preventiva la jueza orden\u00f3 que ambos imputados prosigan detenidos en la Alcaid\u00eda General. El delito de homicidio simple, si no se considera ninguna circunstancia agravante, est\u00e1 penado con la privaci\u00f3n de la libertad por un per\u00edodo que va de 8 a 25 a\u00f1os<\/p>\n","protected":false},"excerpt":{"rendered":"<p>La justicia dispuso la prisi\u00f3n preventiva para los dos hermanos acusados de asesinar a Mar\u00eda Jos\u00e9 Cabrera, al arrollarla con un auto a la salida de un boliche en Campo Quijano. La imputaci\u00f3n es por homicidio simple y uno de los sujetos tiene otra causa por abuso sexual. La jueza de Garant\u00edas 8 en Feria, [&hellip;]<\/p>\n","protected":false},"author":2,"featured_media":70031,"comment_status":"open","ping_status":"open","sticky":false,"template":"","format":"standard","meta":{"tdm_status":"","tdm_grid_status":"","_joinchat":[],"footnotes":""},"categories":[63],"tags":[],"class_list":{"0":"post-70977","1":"post","2":"type-post","3":"status-publish","4":"format-standard","5":"has-post-thumbnail","7":"category-policiales"},"amp_enabled":true,"_links":{"self":[{"href":"https:\/\/www.todoeldia.com\/index.php\/wp-json\/wp\/v2\/posts\/70977","targetHints":{"allow":["GET"]}}],"collection":[{"href":"https:\/\/www.todoeldia.com\/index.php\/wp-json\/wp\/v2\/posts"}],"about":[{"href":"https:\/\/www.todoeldia.com\/index.php\/wp-json\/wp\/v2\/types\/post"}],"author":[{"embeddable":true,"href":"https:\/\/www.todoeldia.com\/index.php\/wp-json\/wp\/v2\/users\/2"}],"replies":[{"embeddable":true,"href":"https:\/\/www.todoeldia.com\/index.php\/wp-json\/wp\/v2\/comments?post=70977"}],"version-history":[{"count":2,"href":"https:\/\/www.todoeldia.com\/index.php\/wp-json\/wp\/v2\/posts\/70977\/revisions"}],"predecessor-version":[{"id":70979,"href":"https:\/\/www.todoeldia.com\/index.php\/wp-json\/wp\/v2\/posts\/70977\/revisions\/70979"}],"wp:featuredmedia":[{"embeddable":true,"href":"https:\/\/www.todoeldia.com\/index.php\/wp-json\/wp\/v2\/media\/70031"}],"wp:attachment":[{"href":"https:\/\/www.todoeldia.com\/index.php\/wp-json\/wp\/v2\/media?parent=70977"}],"wp:term":[{"taxonomy":"category","embeddable":true,"href":"https:\/\/www.todoeldia.com\/index.php\/wp-json\/wp\/v2\/categories?post=70977"},{"taxonomy":"post_tag","embeddable":true,"href":"https:\/\/www.todoeldia.com\/index.php\/wp-json\/wp\/v2\/tags?post=70977"}],"curies":[{"name":"wp","href":"https:\/\/api.w.org\/{rel}","templated":true}]}}