{"id":70987,"date":"2024-01-10T15:47:43","date_gmt":"2024-01-10T18:47:43","guid":{"rendered":"https:\/\/www.todoeldia.com\/?p=70987"},"modified":"2024-01-10T15:47:43","modified_gmt":"2024-01-10T18:47:43","slug":"prision-preventiva-para-el-ladron-que-robo-una-casa-en-grand-bourg-mientras-sus-moradores-dormian","status":"publish","type":"post","link":"https:\/\/www.todoeldia.com\/index.php\/2024\/01\/10\/prision-preventiva-para-el-ladron-que-robo-una-casa-en-grand-bourg-mientras-sus-moradores-dormian\/","title":{"rendered":"Prisi\u00f3n preventiva para el ladr\u00f3n que robo una casa en Grand Bourg mientras sus moradores dorm\u00edan"},"content":{"rendered":"\n<p>El hombre fue sorprendido en el interior de una vivienda por una de sus moradoras, quien se encontraba durmiendo con sus hermanos. Hab\u00eda violentado el acceso y sustra\u00eddo celulares, una computadora y otros bienes.<\/p>\n\n\n\n<p>El fiscal penal 2 en feria, Pablo Paz, represent\u00f3 al Ministerio P\u00fablico Fiscal ante el Juzgado de Garant\u00edas 7 del distrito Centro en feria, en la audiencia flexible y multiprop\u00f3sito para resolver el pedido de prisi\u00f3n preventiva realizado oportunamente para un hombre de 33 a\u00f1os como autor del delito de robo agravado por el uso de armas.<\/p>\n\n\n\n<p>El juez Maximiliano Troyano, haciendo lugar a lo solicitado por el fiscal Paz, fundamentado en el riesgo procesal de fuga y entorpecimiento de la investigaci\u00f3n, dict\u00f3 la prisi\u00f3n preventiva del acusado.<\/p>\n\n\n\n<p>El hecho ocurri\u00f3 el pasado mes de diciembre en una vivienda del barrio Grand Bourg, zona oeste de la ciudad de Salta, donde una joven se encontraba descansando junto a sus hermanos en ausencia de su madre y escuch\u00f3 ruidos. Al verificar descubri\u00f3 que un hombre desconocido hab\u00eda irrumpido en la propiedad, revisado cajones, muebles e incluso hab\u00eda ingresado a las habitaciones y se dispon\u00eda a retirarse con lo sustra\u00eddo.<\/p>\n\n\n\n<p>El acusado al notar la presencia de la joven, usando un cuchillo, la amenaz\u00f3 y huy\u00f3.<\/p>\n\n\n\n<p>Tras dar aviso a personal policial, el sospechoso fue demorado en las inmediaciones y se le secuestr\u00f3 una mochila donde llevaba tres celulares, una computadora, un parlante, una calculadora cient\u00edfica y otros bienes, que fueron denunciados como sustra\u00eddos.<\/p>\n","protected":false},"excerpt":{"rendered":"<p>El hombre fue sorprendido en el interior de una vivienda por una de sus moradoras, quien se encontraba durmiendo con sus hermanos. Hab\u00eda violentado el acceso y sustra\u00eddo celulares, una computadora y otros bienes. El fiscal penal 2 en feria, Pablo Paz, represent\u00f3 al Ministerio P\u00fablico Fiscal ante el Juzgado de Garant\u00edas 7 del distrito [&hellip;]<\/p>\n","protected":false},"author":2,"featured_media":64044,"comment_status":"open","ping_status":"open","sticky":false,"template":"","format":"standard","meta":{"tdm_status":"","tdm_grid_status":"","_joinchat":[],"footnotes":""},"categories":[63],"tags":[],"class_list":{"0":"post-70987","1":"post","2":"type-post","3":"status-publish","4":"format-standard","5":"has-post-thumbnail","7":"category-policiales"},"amp_enabled":true,"_links":{"self":[{"href":"https:\/\/www.todoeldia.com\/index.php\/wp-json\/wp\/v2\/posts\/70987","targetHints":{"allow":["GET"]}}],"collection":[{"href":"https:\/\/www.todoeldia.com\/index.php\/wp-json\/wp\/v2\/posts"}],"about":[{"href":"https:\/\/www.todoeldia.com\/index.php\/wp-json\/wp\/v2\/types\/post"}],"author":[{"embeddable":true,"href":"https:\/\/www.todoeldia.com\/index.php\/wp-json\/wp\/v2\/users\/2"}],"replies":[{"embeddable":true,"href":"https:\/\/www.todoeldia.com\/index.php\/wp-json\/wp\/v2\/comments?post=70987"}],"version-history":[{"count":1,"href":"https:\/\/www.todoeldia.com\/index.php\/wp-json\/wp\/v2\/posts\/70987\/revisions"}],"predecessor-version":[{"id":70988,"href":"https:\/\/www.todoeldia.com\/index.php\/wp-json\/wp\/v2\/posts\/70987\/revisions\/70988"}],"wp:featuredmedia":[{"embeddable":true,"href":"https:\/\/www.todoeldia.com\/index.php\/wp-json\/wp\/v2\/media\/64044"}],"wp:attachment":[{"href":"https:\/\/www.todoeldia.com\/index.php\/wp-json\/wp\/v2\/media?parent=70987"}],"wp:term":[{"taxonomy":"category","embeddable":true,"href":"https:\/\/www.todoeldia.com\/index.php\/wp-json\/wp\/v2\/categories?post=70987"},{"taxonomy":"post_tag","embeddable":true,"href":"https:\/\/www.todoeldia.com\/index.php\/wp-json\/wp\/v2\/tags?post=70987"}],"curies":[{"name":"wp","href":"https:\/\/api.w.org\/{rel}","templated":true}]}}