{"id":70993,"date":"2024-01-10T17:55:23","date_gmt":"2024-01-10T20:55:23","guid":{"rendered":"https:\/\/www.todoeldia.com\/?p=70993"},"modified":"2024-01-10T17:55:23","modified_gmt":"2024-01-10T20:55:23","slug":"fue-a-comprar-un-pasaje-a-la-terminal-de-oran-y-la-asaltaron-amenazandola-con-un-cuchillo","status":"publish","type":"post","link":"https:\/\/www.todoeldia.com\/index.php\/2024\/01\/10\/fue-a-comprar-un-pasaje-a-la-terminal-de-oran-y-la-asaltaron-amenazandola-con-un-cuchillo\/","title":{"rendered":"Fue a comprar un pasaje a la terminal de Oran y la asaltaron amenaz\u00e1ndola con un cuchillo"},"content":{"rendered":"\n<p>Una mujer hab\u00eda concurrido a comprar pasajes en la terminal de \u00f3mnibus de Or\u00e1n cuando fue sorprendida por una persona desconocida que usando un cuchillo intent\u00f3 robarle la billetera y el celular.<\/p>\n\n\n\n<p>La fiscal penal Mariana Torres, interina en la Fiscal\u00eda Penal 1 de Or\u00e1n en feria, imput\u00f3 de forma provisional a un hombre de 23 a\u00f1os como autor del delito de tentativa de robo agravado por el uso de arma en perjuicio de una mujer.<\/p>\n\n\n\n<p>El hecho ocurri\u00f3 en la terminal de \u00f3mnibus de esa ciudad, cuando una mujer se dirigi\u00f3 a comprar pasajes y fue sorprendida por un hombre, quien, usando un cuchillo, intent\u00f3 sustraerle el tel\u00e9fono y la billetera.<\/p>\n\n\n\n<p>En el forcejeo, el celular se da\u00f1\u00f3 y cuando el sospechoso intent\u00f3 huir, fue retenido hasta que lleg\u00f3 personal policial.<\/p>\n\n\n\n<p>Tras la audiencia de imputaci\u00f3n, desde la Fiscal\u00eda se solicit\u00f3 que el acusado permanezca detenido.<\/p>\n","protected":false},"excerpt":{"rendered":"<p>Una mujer hab\u00eda concurrido a comprar pasajes en la terminal de \u00f3mnibus de Or\u00e1n cuando fue sorprendida por una persona desconocida que usando un cuchillo intent\u00f3 robarle la billetera y el celular. La fiscal penal Mariana Torres, interina en la Fiscal\u00eda Penal 1 de Or\u00e1n en feria, imput\u00f3 de forma provisional a un hombre de [&hellip;]<\/p>\n","protected":false},"author":2,"featured_media":70994,"comment_status":"open","ping_status":"open","sticky":false,"template":"","format":"standard","meta":{"tdm_status":"","tdm_grid_status":"","_joinchat":[],"footnotes":""},"categories":[63],"tags":[],"class_list":{"0":"post-70993","1":"post","2":"type-post","3":"status-publish","4":"format-standard","5":"has-post-thumbnail","7":"category-policiales"},"amp_enabled":true,"_links":{"self":[{"href":"https:\/\/www.todoeldia.com\/index.php\/wp-json\/wp\/v2\/posts\/70993","targetHints":{"allow":["GET"]}}],"collection":[{"href":"https:\/\/www.todoeldia.com\/index.php\/wp-json\/wp\/v2\/posts"}],"about":[{"href":"https:\/\/www.todoeldia.com\/index.php\/wp-json\/wp\/v2\/types\/post"}],"author":[{"embeddable":true,"href":"https:\/\/www.todoeldia.com\/index.php\/wp-json\/wp\/v2\/users\/2"}],"replies":[{"embeddable":true,"href":"https:\/\/www.todoeldia.com\/index.php\/wp-json\/wp\/v2\/comments?post=70993"}],"version-history":[{"count":1,"href":"https:\/\/www.todoeldia.com\/index.php\/wp-json\/wp\/v2\/posts\/70993\/revisions"}],"predecessor-version":[{"id":70995,"href":"https:\/\/www.todoeldia.com\/index.php\/wp-json\/wp\/v2\/posts\/70993\/revisions\/70995"}],"wp:featuredmedia":[{"embeddable":true,"href":"https:\/\/www.todoeldia.com\/index.php\/wp-json\/wp\/v2\/media\/70994"}],"wp:attachment":[{"href":"https:\/\/www.todoeldia.com\/index.php\/wp-json\/wp\/v2\/media?parent=70993"}],"wp:term":[{"taxonomy":"category","embeddable":true,"href":"https:\/\/www.todoeldia.com\/index.php\/wp-json\/wp\/v2\/categories?post=70993"},{"taxonomy":"post_tag","embeddable":true,"href":"https:\/\/www.todoeldia.com\/index.php\/wp-json\/wp\/v2\/tags?post=70993"}],"curies":[{"name":"wp","href":"https:\/\/api.w.org\/{rel}","templated":true}]}}