{"id":71021,"date":"2024-01-10T19:57:23","date_gmt":"2024-01-10T22:57:23","guid":{"rendered":"https:\/\/www.todoeldia.com\/?p=71021"},"modified":"2024-01-10T19:57:23","modified_gmt":"2024-01-10T22:57:23","slug":"con-el-colo-barco-y-claudio-echeverri-salio-la-lista-de-citados-de-la-seleccion-para-el-preolimpico","status":"publish","type":"post","link":"https:\/\/www.todoeldia.com\/index.php\/2024\/01\/10\/con-el-colo-barco-y-claudio-echeverri-salio-la-lista-de-citados-de-la-seleccion-para-el-preolimpico\/","title":{"rendered":"Con el Colo Barco y Claudio Echeverri, sali\u00f3 la lista de citados de la Selecci\u00f3n para el Preol\u00edmpico"},"content":{"rendered":"\n<p>Javier Mascherano anunci\u00f3 a los futbolistas que buscar\u00e1n la clasificaci\u00f3n a los Juegos Ol\u00edmpicos de Par\u00eds 2024.<\/p>\n\n\n\n<p>Javier Mascherano anunci\u00f3 la lista de 23 convocados de la Selecci\u00f3n argentina para jugar el Preol\u00edmpico que otorgar\u00e1 dos plazas para los Juegos Ol\u00edmpicos de Par\u00eds 2024.<\/p>\n\n\n\n<p>Entre los nombres m\u00e1s reconocidos se encuentran el campe\u00f3n del mundo Thiago Almada y las joyitas del f\u00fatbol argentino: Valent\u00edn Barco y Claudio Echeverri.<\/p>\n\n\n\n<figure class=\"wp-block-image size-full is-resized\"><img loading=\"lazy\" decoding=\"async\" width=\"800\" height=\"800\" src=\"https:\/\/www.todoeldia.com\/wp-content\/uploads\/2024\/01\/convocados-sub-23.jpg\" alt=\"\" class=\"wp-image-71023\" style=\"width:1068px;height:auto\" srcset=\"https:\/\/www.todoeldia.com\/wp-content\/uploads\/2024\/01\/convocados-sub-23.jpg 800w, https:\/\/www.todoeldia.com\/wp-content\/uploads\/2024\/01\/convocados-sub-23-300x300.jpg 300w, https:\/\/www.todoeldia.com\/wp-content\/uploads\/2024\/01\/convocados-sub-23-150x150.jpg 150w, https:\/\/www.todoeldia.com\/wp-content\/uploads\/2024\/01\/convocados-sub-23-768x768.jpg 768w, https:\/\/www.todoeldia.com\/wp-content\/uploads\/2024\/01\/convocados-sub-23-696x696.jpg 696w, https:\/\/www.todoeldia.com\/wp-content\/uploads\/2024\/01\/convocados-sub-23-420x420.jpg 420w\" sizes=\"auto, (max-width: 800px) 100vw, 800px\" \/><\/figure>\n\n\n\n<p>El Colo, que recientemente pas\u00f3 al Brighton de Inglaterra, tambi\u00e9n estuvo en el \u00faltimo Mundial Sub 20 bajo las \u00f3rdenes del Jefecito, mientras que el Diablito fue convocado de urgencia por la lesi\u00f3n de Pepo De la Vega tras su gran participaci\u00f3n en la Copa del Mundo Sub 17.<\/p>\n\n\n\n<p>Cristian Medina, Leandro Brey, Nicol\u00e1s Valentini y Equi Fern\u00e1ndez son los otros convocados de Boca. Pablo Solari, el delantero de River, tambi\u00e9n viajar\u00e1 a Venezuela.<\/p>\n","protected":false},"excerpt":{"rendered":"<p>Javier Mascherano anunci\u00f3 a los futbolistas que buscar\u00e1n la clasificaci\u00f3n a los Juegos Ol\u00edmpicos de Par\u00eds 2024. Javier Mascherano anunci\u00f3 la lista de 23 convocados de la Selecci\u00f3n argentina para jugar el Preol\u00edmpico que otorgar\u00e1 dos plazas para los Juegos Ol\u00edmpicos de Par\u00eds 2024. Entre los nombres m\u00e1s reconocidos se encuentran el campe\u00f3n del mundo [&hellip;]<\/p>\n","protected":false},"author":2,"featured_media":71022,"comment_status":"open","ping_status":"open","sticky":false,"template":"","format":"standard","meta":{"tdm_status":"","tdm_grid_status":"","_joinchat":[],"footnotes":""},"categories":[62],"tags":[],"class_list":{"0":"post-71021","1":"post","2":"type-post","3":"status-publish","4":"format-standard","5":"has-post-thumbnail","7":"category-deportes"},"amp_enabled":true,"_links":{"self":[{"href":"https:\/\/www.todoeldia.com\/index.php\/wp-json\/wp\/v2\/posts\/71021","targetHints":{"allow":["GET"]}}],"collection":[{"href":"https:\/\/www.todoeldia.com\/index.php\/wp-json\/wp\/v2\/posts"}],"about":[{"href":"https:\/\/www.todoeldia.com\/index.php\/wp-json\/wp\/v2\/types\/post"}],"author":[{"embeddable":true,"href":"https:\/\/www.todoeldia.com\/index.php\/wp-json\/wp\/v2\/users\/2"}],"replies":[{"embeddable":true,"href":"https:\/\/www.todoeldia.com\/index.php\/wp-json\/wp\/v2\/comments?post=71021"}],"version-history":[{"count":1,"href":"https:\/\/www.todoeldia.com\/index.php\/wp-json\/wp\/v2\/posts\/71021\/revisions"}],"predecessor-version":[{"id":71024,"href":"https:\/\/www.todoeldia.com\/index.php\/wp-json\/wp\/v2\/posts\/71021\/revisions\/71024"}],"wp:featuredmedia":[{"embeddable":true,"href":"https:\/\/www.todoeldia.com\/index.php\/wp-json\/wp\/v2\/media\/71022"}],"wp:attachment":[{"href":"https:\/\/www.todoeldia.com\/index.php\/wp-json\/wp\/v2\/media?parent=71021"}],"wp:term":[{"taxonomy":"category","embeddable":true,"href":"https:\/\/www.todoeldia.com\/index.php\/wp-json\/wp\/v2\/categories?post=71021"},{"taxonomy":"post_tag","embeddable":true,"href":"https:\/\/www.todoeldia.com\/index.php\/wp-json\/wp\/v2\/tags?post=71021"}],"curies":[{"name":"wp","href":"https:\/\/api.w.org\/{rel}","templated":true}]}}