{"id":71025,"date":"2024-01-10T20:10:19","date_gmt":"2024-01-10T23:10:19","guid":{"rendered":"https:\/\/www.todoeldia.com\/?p=71025"},"modified":"2024-01-10T20:10:19","modified_gmt":"2024-01-10T23:10:19","slug":"un-motochorro-perdio-la-pierna-ortopedica-en-medio-de-un-robo-y-un-vecino-lo-freno-con-una-patada-voladora","status":"publish","type":"post","link":"https:\/\/www.todoeldia.com\/index.php\/2024\/01\/10\/un-motochorro-perdio-la-pierna-ortopedica-en-medio-de-un-robo-y-un-vecino-lo-freno-con-una-patada-voladora\/","title":{"rendered":"Un motochorro perdi\u00f3 la pierna ortop\u00e9dica en medio de un robo y un vecino lo fren\u00f3 con una patada voladora"},"content":{"rendered":"\n<p>Luego de robarle a una pareja, el ladr\u00f3n intent\u00f3 escapar y fue entonces cuando se le cay\u00f3 la pr\u00f3tesis. All\u00ed, un grupo de personas que vieron toda la situaci\u00f3n lo atacaron a golpes hasta que lleg\u00f3 la polic\u00eda.<\/p>\n\n\n\n<p>Un ins\u00f3lito episodio ocurri\u00f3 este mi\u00e9rcoles cuando dos motochorros asaltaron a una pareja en Mar del Plata. Luego de robarles el celular, a uno de los ladrones se le desprendi\u00f3 la pierna ortop\u00e9dica y, mientras escapaba, fue atacado por vecinos hasta que lleg\u00f3 la polic\u00eda.<\/p>\n\n\n\n<figure class=\"wp-block-embed is-type-video is-provider-youtube wp-block-embed-youtube wp-embed-aspect-4-3 wp-has-aspect-ratio\"><div class=\"wp-block-embed__wrapper\">\n<div class=\"youtube-embed\" data-video_id=\"\"><iframe loading=\"lazy\" title=\"Un ladr\u00f3n intent\u00f3 escapar pero se le desprendi\u00f3 la pierna ortop\u00e9dica I #Shorts\" width=\"696\" height=\"522\" src=\"https:\/\/www.youtube.com\/embed\/ZlPKYJ53s_E?feature=oembed&#038;enablejsapi=1\" frameborder=\"0\" allow=\"accelerometer; autoplay; clipboard-write; encrypted-media; gyroscope; picture-in-picture; web-share\" allowfullscreen><\/iframe><\/div>\n<\/div><\/figure>\n\n\n\n<p>Todo sucedi\u00f3 durante la ma\u00f1ana en la zona de Alejandro Korn y Gaboto, en el barrio Puerto, y qued\u00f3 registrado por las c\u00e1maras de seguridad del lugar.<\/p>\n\n\n\n<p>En el video se observa cuando los dos delincuentes en moto se detienen junto a una mujer que est\u00e1 por subir a su auto y le sacan la cartera tras forcejear brevemente.<\/p>\n\n\n\n<p>Al intentar escapar, la moto no arranca y las v\u00edctimas corren al asaltante. En medio de la escena, al delincuente que conduc\u00eda se le cae la moto y se le sale la pr\u00f3tesis ortop\u00e9dica de la pierna izquierda.<\/p>\n\n\n\n<p>\u201cCuando se cae de la moto se le sale la pierna ortop\u00e9dica y el compa\u00f1ero lo ayuda a levantarse llevando la pieza en la mano. Nos asaltaron a mano armada cuando bajaba del auto mi acompa\u00f1ante para ingresar a su domicilio\u201d, cont\u00f3 la v\u00edctima en di\u00e1logo con el portal local 0223.<\/p>\n\n\n\n<p>El ladr\u00f3n que conduc\u00eda intent\u00f3 volver a subirse a la moto desesperadamente, pero no tuvo \u00e9xito; mientras que su c\u00f3mplice s\u00ed lo logr\u00f3 y escap\u00f3 de inmediato.<\/p>\n\n\n\n<p>La escena siguiente tuvo lugar a pocos metros del robo y muestra al asaltante, en una pierna, caer ante una patada voladora de un vecino que cruza la calle corriendo. En ese momento se sum\u00f3 un grupo de personas que quisieron hacer justicia por mano propia: \u201cLos vecinos ven la situaci\u00f3n y comienzan a golpear a uno de ellos. Recuperamos el tel\u00e9fono\u201d.<\/p>\n\n\n\n<p>En la imagen no se logra a ver el resto con nitidez, pero la v\u00edctima del robo dijo que dejaron de pegarle reci\u00e9n cuando lleg\u00f3 un patrullero.<\/p>\n\n\n\n<p>El hecho tambi\u00e9n termin\u00f3 de una manera inusual. Seg\u00fan detall\u00f3 la mujer, los agentes de la Polic\u00eda dejaron ir al hombre discapacitado por un ins\u00f3lito motivo: \u201cLo retuvieron. El delincuente dijo que era a \u00e9l a quien hab\u00edan asaltado y lo dejaron ir porque dijo que la moto se la llev\u00f3 el otro delincuente\u201d.<\/p>\n","protected":false},"excerpt":{"rendered":"<p>Luego de robarle a una pareja, el ladr\u00f3n intent\u00f3 escapar y fue entonces cuando se le cay\u00f3 la pr\u00f3tesis. All\u00ed, un grupo de personas que vieron toda la situaci\u00f3n lo atacaron a golpes hasta que lleg\u00f3 la polic\u00eda. Un ins\u00f3lito episodio ocurri\u00f3 este mi\u00e9rcoles cuando dos motochorros asaltaron a una pareja en Mar del Plata. [&hellip;]<\/p>\n","protected":false},"author":2,"featured_media":71026,"comment_status":"open","ping_status":"open","sticky":false,"template":"","format":"standard","meta":{"tdm_status":"","tdm_grid_status":"","_joinchat":[],"footnotes":""},"categories":[63],"tags":[],"class_list":{"0":"post-71025","1":"post","2":"type-post","3":"status-publish","4":"format-standard","5":"has-post-thumbnail","7":"category-policiales"},"amp_enabled":true,"_links":{"self":[{"href":"https:\/\/www.todoeldia.com\/index.php\/wp-json\/wp\/v2\/posts\/71025","targetHints":{"allow":["GET"]}}],"collection":[{"href":"https:\/\/www.todoeldia.com\/index.php\/wp-json\/wp\/v2\/posts"}],"about":[{"href":"https:\/\/www.todoeldia.com\/index.php\/wp-json\/wp\/v2\/types\/post"}],"author":[{"embeddable":true,"href":"https:\/\/www.todoeldia.com\/index.php\/wp-json\/wp\/v2\/users\/2"}],"replies":[{"embeddable":true,"href":"https:\/\/www.todoeldia.com\/index.php\/wp-json\/wp\/v2\/comments?post=71025"}],"version-history":[{"count":1,"href":"https:\/\/www.todoeldia.com\/index.php\/wp-json\/wp\/v2\/posts\/71025\/revisions"}],"predecessor-version":[{"id":71027,"href":"https:\/\/www.todoeldia.com\/index.php\/wp-json\/wp\/v2\/posts\/71025\/revisions\/71027"}],"wp:featuredmedia":[{"embeddable":true,"href":"https:\/\/www.todoeldia.com\/index.php\/wp-json\/wp\/v2\/media\/71026"}],"wp:attachment":[{"href":"https:\/\/www.todoeldia.com\/index.php\/wp-json\/wp\/v2\/media?parent=71025"}],"wp:term":[{"taxonomy":"category","embeddable":true,"href":"https:\/\/www.todoeldia.com\/index.php\/wp-json\/wp\/v2\/categories?post=71025"},{"taxonomy":"post_tag","embeddable":true,"href":"https:\/\/www.todoeldia.com\/index.php\/wp-json\/wp\/v2\/tags?post=71025"}],"curies":[{"name":"wp","href":"https:\/\/api.w.org\/{rel}","templated":true}]}}