{"id":71034,"date":"2024-01-10T22:46:30","date_gmt":"2024-01-11T01:46:30","guid":{"rendered":"https:\/\/www.todoeldia.com\/?p=71034"},"modified":"2024-01-10T22:46:30","modified_gmt":"2024-01-11T01:46:30","slug":"encuentran-en-san-ignacio-un-audi-con-pedido-de-secuestro","status":"publish","type":"post","link":"https:\/\/www.todoeldia.com\/index.php\/2024\/01\/10\/encuentran-en-san-ignacio-un-audi-con-pedido-de-secuestro\/","title":{"rendered":"Encuentran en San Ignacio un Audi con pedido de secuestro"},"content":{"rendered":"\n<p>Durante el mediod\u00eda la Polic\u00eda de Salta a trav\u00e9s de la Direcci\u00f3n General de Investigaciones, secuestro un veh\u00edculo abandonado en zona sudeste que registraba pedido de secuestro por robo.<\/p>\n\n\n\n<p>El procedimiento tuvo lugar hoy cerca del mediod\u00eda, cuando efectivos de la Divisi\u00f3n Investigaciones Sector 3 realizaban trabajo de campo, fueron alertados sobre un veh\u00edculo abandonado en B\u00b0 San Ignacio.<\/p>\n\n\n\n<p>A ra\u00edz de ello y conforme averiguaciones practicadas, se obtuvo que el rodado marca Audi pose\u00eda pedido de secuestro por robo.<\/p>\n\n\n\n<p>Por el hecho el secuestro qued\u00f3 a disposici\u00f3n de la justicia.<\/p>\n","protected":false},"excerpt":{"rendered":"<p>Durante el mediod\u00eda la Polic\u00eda de Salta a trav\u00e9s de la Direcci\u00f3n General de Investigaciones, secuestro un veh\u00edculo abandonado en zona sudeste que registraba pedido de secuestro por robo. El procedimiento tuvo lugar hoy cerca del mediod\u00eda, cuando efectivos de la Divisi\u00f3n Investigaciones Sector 3 realizaban trabajo de campo, fueron alertados sobre un veh\u00edculo abandonado [&hellip;]<\/p>\n","protected":false},"author":2,"featured_media":71035,"comment_status":"open","ping_status":"open","sticky":false,"template":"","format":"standard","meta":{"tdm_status":"","tdm_grid_status":"","_joinchat":[],"footnotes":""},"categories":[63],"tags":[],"class_list":{"0":"post-71034","1":"post","2":"type-post","3":"status-publish","4":"format-standard","5":"has-post-thumbnail","7":"category-policiales"},"amp_enabled":true,"_links":{"self":[{"href":"https:\/\/www.todoeldia.com\/index.php\/wp-json\/wp\/v2\/posts\/71034","targetHints":{"allow":["GET"]}}],"collection":[{"href":"https:\/\/www.todoeldia.com\/index.php\/wp-json\/wp\/v2\/posts"}],"about":[{"href":"https:\/\/www.todoeldia.com\/index.php\/wp-json\/wp\/v2\/types\/post"}],"author":[{"embeddable":true,"href":"https:\/\/www.todoeldia.com\/index.php\/wp-json\/wp\/v2\/users\/2"}],"replies":[{"embeddable":true,"href":"https:\/\/www.todoeldia.com\/index.php\/wp-json\/wp\/v2\/comments?post=71034"}],"version-history":[{"count":1,"href":"https:\/\/www.todoeldia.com\/index.php\/wp-json\/wp\/v2\/posts\/71034\/revisions"}],"predecessor-version":[{"id":71036,"href":"https:\/\/www.todoeldia.com\/index.php\/wp-json\/wp\/v2\/posts\/71034\/revisions\/71036"}],"wp:featuredmedia":[{"embeddable":true,"href":"https:\/\/www.todoeldia.com\/index.php\/wp-json\/wp\/v2\/media\/71035"}],"wp:attachment":[{"href":"https:\/\/www.todoeldia.com\/index.php\/wp-json\/wp\/v2\/media?parent=71034"}],"wp:term":[{"taxonomy":"category","embeddable":true,"href":"https:\/\/www.todoeldia.com\/index.php\/wp-json\/wp\/v2\/categories?post=71034"},{"taxonomy":"post_tag","embeddable":true,"href":"https:\/\/www.todoeldia.com\/index.php\/wp-json\/wp\/v2\/tags?post=71034"}],"curies":[{"name":"wp","href":"https:\/\/api.w.org\/{rel}","templated":true}]}}